{"id":3481,"date":"2023-03-21T12:42:23","date_gmt":"2023-03-21T11:42:23","guid":{"rendered":"https:\/\/multisite.list-gmbh.de\/benn-allende-viertel\/3481-bastelkiste-5\/"},"modified":"2023-03-21T12:42:23","modified_gmt":"2023-03-21T11:42:23","slug":"bastelkiste-5","status":"publish","type":"post","link":"https:\/\/www.benn-allende-viertel.de\/uk\/3481-bastelkiste-5\/","title":{"rendered":"Bastelkiste"},"content":{"rendered":"<p><span style=\"font-size: 18pt;\">Ab Mai 2020 fand jeden Samstag in der Kinder- und Jugendfreizeiteinrichtung W\u00fcrfel die \u201eBastelkiste\u201c statt, bei der regelm\u00e4\u00dfig Kinder und Jugendliche aus dem Allende-Viertel zusammenkamen zum Basteln und sich Austauschen. Unterst\u00fctzt von einem kleinen Team entstanden viele kreative Bilder und Skulpturen, ein Fotobuch und ein Theaterst\u00fcck. Im Rahmen der kreativen Arbeit wurde sich gemeinsam mit Menschen- und Kinderrechten auseinandergesetzt.<\/span><\/p>\n<p><img decoding=\"async\" class=\" size-full wp-image-2831\" src=\"https:\/\/www.benn-allende-viertel.de\/wp-content\/uploads\/sites\/8\/2023\/03\/IMG_20200530_131750___-021.jpg\" alt=\"IMG 20200530 131750 \" width=\"429\" height=\"322\" srcset=\"https:\/\/www.benn-allende-viertel.de\/wp-content\/uploads\/sites\/8\/2023\/03\/IMG_20200530_131750___-021.jpg 1632w, https:\/\/www.benn-allende-viertel.de\/wp-content\/uploads\/sites\/8\/2023\/03\/IMG_20200530_131750___-021-300x225.jpg 300w, https:\/\/www.benn-allende-viertel.de\/wp-content\/uploads\/sites\/8\/2023\/03\/IMG_20200530_131750___-021-1024x768.jpg 1024w, https:\/\/www.benn-allende-viertel.de\/wp-content\/uploads\/sites\/8\/2023\/03\/IMG_20200530_131750___-021-768x576.jpg 768w, https:\/\/www.benn-allende-viertel.de\/wp-content\/uploads\/sites\/8\/2023\/03\/IMG_20200530_131750___-021-1536x1152.jpg 1536w\" sizes=\"(max-width: 429px) 100vw, 429px\" \/>&nbsp; &nbsp;<img decoding=\"async\" class=\" size-full wp-image-2837\" src=\"https:\/\/www.benn-allende-viertel.de\/wp-content\/uploads\/sites\/8\/2023\/03\/IMG_20200530_133815___-be7.jpg\" alt=\"IMG 20200530 133815 \" width=\"429\" height=\"322\" srcset=\"https:\/\/www.benn-allende-viertel.de\/wp-content\/uploads\/sites\/8\/2023\/03\/IMG_20200530_133815___-be7.jpg 1632w, https:\/\/www.benn-allende-viertel.de\/wp-content\/uploads\/sites\/8\/2023\/03\/IMG_20200530_133815___-be7-300x225.jpg 300w, https:\/\/www.benn-allende-viertel.de\/wp-content\/uploads\/sites\/8\/2023\/03\/IMG_20200530_133815___-be7-1024x768.jpg 1024w, https:\/\/www.benn-allende-viertel.de\/wp-content\/uploads\/sites\/8\/2023\/03\/IMG_20200530_133815___-be7-768x576.jpg 768w, https:\/\/www.benn-allende-viertel.de\/wp-content\/uploads\/sites\/8\/2023\/03\/IMG_20200530_133815___-be7-1536x1152.jpg 1536w\" sizes=\"(max-width: 429px) 100vw, 429px\" \/><\/p>\n<p>&nbsp;<img decoding=\"async\" class=\" size-full wp-image-2843\" src=\"https:\/\/www.benn-allende-viertel.de\/wp-content\/uploads\/sites\/8\/2023\/03\/IMG_20200530_133826-280.jpg\" alt=\"IMG 20200530 133826\" width=\"364\" height=\"368\" srcset=\"https:\/\/www.benn-allende-viertel.de\/wp-content\/uploads\/sites\/8\/2023\/03\/IMG_20200530_133826-280.jpg 1406w, https:\/\/www.benn-allende-viertel.de\/wp-content\/uploads\/sites\/8\/2023\/03\/IMG_20200530_133826-280-297x300.jpg 297w, https:\/\/www.benn-allende-viertel.de\/wp-content\/uploads\/sites\/8\/2023\/03\/IMG_20200530_133826-280-1013x1024.jpg 1013w, https:\/\/www.benn-allende-viertel.de\/wp-content\/uploads\/sites\/8\/2023\/03\/IMG_20200530_133826-280-768x776.jpg 768w\" sizes=\"(max-width: 364px) 100vw, 364px\" \/>&nbsp; &nbsp;<img decoding=\"async\" class=\" size-full wp-image-2733\" src=\"https:\/\/www.benn-allende-viertel.de\/wp-content\/uploads\/sites\/8\/2022\/12\/IMG_20200606_141440___-d26.jpg\" alt=\"IMG 20200606 141440 \" width=\"490\" height=\"368\" srcset=\"https:\/\/www.benn-allende-viertel.de\/wp-content\/uploads\/sites\/8\/2022\/12\/IMG_20200606_141440___-d26.jpg 1632w, https:\/\/www.benn-allende-viertel.de\/wp-content\/uploads\/sites\/8\/2022\/12\/IMG_20200606_141440___-d26-300x225.jpg 300w, https:\/\/www.benn-allende-viertel.de\/wp-content\/uploads\/sites\/8\/2022\/12\/IMG_20200606_141440___-d26-1024x768.jpg 1024w, https:\/\/www.benn-allende-viertel.de\/wp-content\/uploads\/sites\/8\/2022\/12\/IMG_20200606_141440___-d26-768x576.jpg 768w, https:\/\/www.benn-allende-viertel.de\/wp-content\/uploads\/sites\/8\/2022\/12\/IMG_20200606_141440___-d26-1536x1152.jpg 1536w\" sizes=\"(max-width: 490px) 100vw, 490px\" \/><\/p>\n","protected":false},"excerpt":{"rendered":"<p>Ab Mai 2020 fand jeden Samstag in der Kinder- und Jugendfreizeiteinrichtung W\u00fcrfel die \u201eBastelkiste\u201c statt, bei der regelm\u00e4\u00dfig Kinder und Jugendliche aus dem Allende-Viertel zusammenkamen zum Basteln und sich Austauschen.&hellip;<\/p>\n","protected":false},"author":41,"featured_media":2831,"comment_status":"closed","ping_status":"closed","sticky":false,"template":"","format":"standard","meta":{"_acf_changed":false,"_uag_custom_page_level_css":"","footnotes":""},"categories":[32],"tags":[],"class_list":["post-3481","post","type-post","status-publish","format-standard","has-post-thumbnail","hentry","category-32"],"acf":[],"yoast_head":"<!-- This site is optimized with the Yoast SEO plugin v27.4 - https:\/\/yoast.com\/product\/yoast-seo-wordpress\/ -->\n<title>Bastelkiste - BENN Allende-Viertel<\/title>\n<meta name=\"robots\" content=\"index, follow, max-snippet:-1, max-image-preview:large, max-video-preview:-1\" \/>\n<link rel=\"canonical\" href=\"https:\/\/www.benn-allende-viertel.de\/uk\/3481-bastelkiste-5\/\" \/>\n<meta property=\"og:locale\" content=\"uk_UA\" \/>\n<meta property=\"og:type\" content=\"article\" \/>\n<meta property=\"og:title\" content=\"Bastelkiste - BENN Allende-Viertel\" \/>\n<meta property=\"og:description\" content=\"Ab Mai 2020 fand jeden Samstag in der Kinder- und Jugendfreizeiteinrichtung W\u00fcrfel die \u201eBastelkiste\u201c statt, bei der regelm\u00e4\u00dfig Kinder und Jugendliche aus dem Allende-Viertel zusammenkamen zum Basteln und sich Austauschen.&hellip;\" \/>\n<meta property=\"og:url\" content=\"https:\/\/www.benn-allende-viertel.de\/uk\/3481-bastelkiste-5\/\" \/>\n<meta property=\"og:site_name\" content=\"BENN Allende-Viertel\" \/>\n<meta property=\"article:published_time\" content=\"2023-03-21T11:42:23+00:00\" \/>\n<meta property=\"og:image\" content=\"https:\/\/www.benn-allende-viertel.de\/wp-content\/uploads\/sites\/8\/2023\/03\/IMG_20200530_131750___-021.jpg\" \/>\n\t<meta property=\"og:image:width\" content=\"1632\" \/>\n\t<meta property=\"og:image:height\" content=\"1224\" \/>\n\t<meta property=\"og:image:type\" content=\"image\/jpeg\" \/>\n<meta name=\"author\" content=\"BENN Allende-Viertel\" \/>\n<meta name=\"twitter:card\" content=\"summary_large_image\" \/>\n<meta name=\"twitter:label1\" content=\"\u041d\u0430\u043f\u0438\u0441\u0430\u043d\u043e\" \/>\n\t<meta name=\"twitter:data1\" content=\"BENN Allende-Viertel\" \/>\n<script type=\"application\/ld+json\" class=\"yoast-schema-graph\">{\"@context\":\"https:\\\/\\\/schema.org\",\"@graph\":[{\"@type\":\"Article\",\"@id\":\"https:\\\/\\\/www.benn-allende-viertel.de\\\/uk\\\/3481-bastelkiste-5\\\/#article\",\"isPartOf\":{\"@id\":\"https:\\\/\\\/www.benn-allende-viertel.de\\\/uk\\\/3481-bastelkiste-5\\\/\"},\"author\":{\"name\":\"BENN Allende-Viertel\",\"@id\":\"https:\\\/\\\/www.benn-allende-viertel.de\\\/uk\\\/#\\\/schema\\\/person\\\/ac75a96f44f12620ee32a01ecf1ab0f9\"},\"headline\":\"Bastelkiste\",\"datePublished\":\"2023-03-21T11:42:23+00:00\",\"mainEntityOfPage\":{\"@id\":\"https:\\\/\\\/www.benn-allende-viertel.de\\\/uk\\\/3481-bastelkiste-5\\\/\"},\"wordCount\":68,\"image\":{\"@id\":\"https:\\\/\\\/www.benn-allende-viertel.de\\\/uk\\\/3481-bastelkiste-5\\\/#primaryimage\"},\"thumbnailUrl\":\"https:\\\/\\\/www.benn-allende-viertel.de\\\/wp-content\\\/uploads\\\/sites\\\/8\\\/2023\\\/03\\\/IMG_20200530_131750___-021.jpg\",\"articleSection\":[\"Projekte 2020\"],\"inLanguage\":\"uk\"},{\"@type\":\"WebPage\",\"@id\":\"https:\\\/\\\/www.benn-allende-viertel.de\\\/uk\\\/3481-bastelkiste-5\\\/\",\"url\":\"https:\\\/\\\/www.benn-allende-viertel.de\\\/uk\\\/3481-bastelkiste-5\\\/\",\"name\":\"Bastelkiste - BENN Allende-Viertel\",\"isPartOf\":{\"@id\":\"https:\\\/\\\/www.benn-allende-viertel.de\\\/uk\\\/#website\"},\"primaryImageOfPage\":{\"@id\":\"https:\\\/\\\/www.benn-allende-viertel.de\\\/uk\\\/3481-bastelkiste-5\\\/#primaryimage\"},\"image\":{\"@id\":\"https:\\\/\\\/www.benn-allende-viertel.de\\\/uk\\\/3481-bastelkiste-5\\\/#primaryimage\"},\"thumbnailUrl\":\"https:\\\/\\\/www.benn-allende-viertel.de\\\/wp-content\\\/uploads\\\/sites\\\/8\\\/2023\\\/03\\\/IMG_20200530_131750___-021.jpg\",\"datePublished\":\"2023-03-21T11:42:23+00:00\",\"author\":{\"@id\":\"https:\\\/\\\/www.benn-allende-viertel.de\\\/uk\\\/#\\\/schema\\\/person\\\/ac75a96f44f12620ee32a01ecf1ab0f9\"},\"breadcrumb\":{\"@id\":\"https:\\\/\\\/www.benn-allende-viertel.de\\\/uk\\\/3481-bastelkiste-5\\\/#breadcrumb\"},\"inLanguage\":\"uk\",\"potentialAction\":[{\"@type\":\"ReadAction\",\"target\":[\"https:\\\/\\\/www.benn-allende-viertel.de\\\/uk\\\/3481-bastelkiste-5\\\/\"]}]},{\"@type\":\"ImageObject\",\"inLanguage\":\"uk\",\"@id\":\"https:\\\/\\\/www.benn-allende-viertel.de\\\/uk\\\/3481-bastelkiste-5\\\/#primaryimage\",\"url\":\"https:\\\/\\\/www.benn-allende-viertel.de\\\/wp-content\\\/uploads\\\/sites\\\/8\\\/2023\\\/03\\\/IMG_20200530_131750___-021.jpg\",\"contentUrl\":\"https:\\\/\\\/www.benn-allende-viertel.de\\\/wp-content\\\/uploads\\\/sites\\\/8\\\/2023\\\/03\\\/IMG_20200530_131750___-021.jpg\",\"width\":1632,\"height\":1224,\"caption\":\"IMG 20200530 131750\"},{\"@type\":\"BreadcrumbList\",\"@id\":\"https:\\\/\\\/www.benn-allende-viertel.de\\\/uk\\\/3481-bastelkiste-5\\\/#breadcrumb\",\"itemListElement\":[{\"@type\":\"ListItem\",\"position\":1,\"name\":\"Startseite\",\"item\":\"https:\\\/\\\/www.benn-allende-viertel.de\\\/uk\\\/\"},{\"@type\":\"ListItem\",\"position\":2,\"name\":\"Bastelkiste\"}]},{\"@type\":\"WebSite\",\"@id\":\"https:\\\/\\\/www.benn-allende-viertel.de\\\/uk\\\/#website\",\"url\":\"https:\\\/\\\/www.benn-allende-viertel.de\\\/uk\\\/\",\"name\":\"BENN Allende-Viertel\",\"description\":\"\",\"potentialAction\":[{\"@type\":\"SearchAction\",\"target\":{\"@type\":\"EntryPoint\",\"urlTemplate\":\"https:\\\/\\\/www.benn-allende-viertel.de\\\/uk\\\/?s={search_term_string}\"},\"query-input\":{\"@type\":\"PropertyValueSpecification\",\"valueRequired\":true,\"valueName\":\"search_term_string\"}}],\"inLanguage\":\"uk\"},{\"@type\":\"Person\",\"@id\":\"https:\\\/\\\/www.benn-allende-viertel.de\\\/uk\\\/#\\\/schema\\\/person\\\/ac75a96f44f12620ee32a01ecf1ab0f9\",\"name\":\"BENN Allende-Viertel\",\"url\":\"https:\\\/\\\/www.benn-allende-viertel.de\\\/uk\\\/author\\\/bennallendeviertel\\\/\"}]}<\/script>\n<!-- \/ Yoast SEO plugin. -->","yoast_head_json":{"title":"Bastelkiste - BENN Allende-Viertel","robots":{"index":"index","follow":"follow","max-snippet":"max-snippet:-1","max-image-preview":"max-image-preview:large","max-video-preview":"max-video-preview:-1"},"canonical":"https:\/\/www.benn-allende-viertel.de\/uk\/3481-bastelkiste-5\/","og_locale":"uk_UA","og_type":"article","og_title":"Bastelkiste - BENN Allende-Viertel","og_description":"Ab Mai 2020 fand jeden Samstag in der Kinder- und Jugendfreizeiteinrichtung W\u00fcrfel die \u201eBastelkiste\u201c statt, bei der regelm\u00e4\u00dfig Kinder und Jugendliche aus dem Allende-Viertel zusammenkamen zum Basteln und sich Austauschen.&hellip;","og_url":"https:\/\/www.benn-allende-viertel.de\/uk\/3481-bastelkiste-5\/","og_site_name":"BENN Allende-Viertel","article_published_time":"2023-03-21T11:42:23+00:00","og_image":[{"width":1632,"height":1224,"url":"https:\/\/www.benn-allende-viertel.de\/wp-content\/uploads\/sites\/8\/2023\/03\/IMG_20200530_131750___-021.jpg","type":"image\/jpeg"}],"author":"BENN Allende-Viertel","twitter_card":"summary_large_image","twitter_misc":{"\u041d\u0430\u043f\u0438\u0441\u0430\u043d\u043e":"BENN Allende-Viertel"},"schema":{"@context":"https:\/\/schema.org","@graph":[{"@type":"Article","@id":"https:\/\/www.benn-allende-viertel.de\/uk\/3481-bastelkiste-5\/#article","isPartOf":{"@id":"https:\/\/www.benn-allende-viertel.de\/uk\/3481-bastelkiste-5\/"},"author":{"name":"BENN Allende-Viertel","@id":"https:\/\/www.benn-allende-viertel.de\/uk\/#\/schema\/person\/ac75a96f44f12620ee32a01ecf1ab0f9"},"headline":"Bastelkiste","datePublished":"2023-03-21T11:42:23+00:00","mainEntityOfPage":{"@id":"https:\/\/www.benn-allende-viertel.de\/uk\/3481-bastelkiste-5\/"},"wordCount":68,"image":{"@id":"https:\/\/www.benn-allende-viertel.de\/uk\/3481-bastelkiste-5\/#primaryimage"},"thumbnailUrl":"https:\/\/www.benn-allende-viertel.de\/wp-content\/uploads\/sites\/8\/2023\/03\/IMG_20200530_131750___-021.jpg","articleSection":["Projekte 2020"],"inLanguage":"uk"},{"@type":"WebPage","@id":"https:\/\/www.benn-allende-viertel.de\/uk\/3481-bastelkiste-5\/","url":"https:\/\/www.benn-allende-viertel.de\/uk\/3481-bastelkiste-5\/","name":"Bastelkiste - BENN Allende-Viertel","isPartOf":{"@id":"https:\/\/www.benn-allende-viertel.de\/uk\/#website"},"primaryImageOfPage":{"@id":"https:\/\/www.benn-allende-viertel.de\/uk\/3481-bastelkiste-5\/#primaryimage"},"image":{"@id":"https:\/\/www.benn-allende-viertel.de\/uk\/3481-bastelkiste-5\/#primaryimage"},"thumbnailUrl":"https:\/\/www.benn-allende-viertel.de\/wp-content\/uploads\/sites\/8\/2023\/03\/IMG_20200530_131750___-021.jpg","datePublished":"2023-03-21T11:42:23+00:00","author":{"@id":"https:\/\/www.benn-allende-viertel.de\/uk\/#\/schema\/person\/ac75a96f44f12620ee32a01ecf1ab0f9"},"breadcrumb":{"@id":"https:\/\/www.benn-allende-viertel.de\/uk\/3481-bastelkiste-5\/#breadcrumb"},"inLanguage":"uk","potentialAction":[{"@type":"ReadAction","target":["https:\/\/www.benn-allende-viertel.de\/uk\/3481-bastelkiste-5\/"]}]},{"@type":"ImageObject","inLanguage":"uk","@id":"https:\/\/www.benn-allende-viertel.de\/uk\/3481-bastelkiste-5\/#primaryimage","url":"https:\/\/www.benn-allende-viertel.de\/wp-content\/uploads\/sites\/8\/2023\/03\/IMG_20200530_131750___-021.jpg","contentUrl":"https:\/\/www.benn-allende-viertel.de\/wp-content\/uploads\/sites\/8\/2023\/03\/IMG_20200530_131750___-021.jpg","width":1632,"height":1224,"caption":"IMG 20200530 131750"},{"@type":"BreadcrumbList","@id":"https:\/\/www.benn-allende-viertel.de\/uk\/3481-bastelkiste-5\/#breadcrumb","itemListElement":[{"@type":"ListItem","position":1,"name":"Startseite","item":"https:\/\/www.benn-allende-viertel.de\/uk\/"},{"@type":"ListItem","position":2,"name":"Bastelkiste"}]},{"@type":"WebSite","@id":"https:\/\/www.benn-allende-viertel.de\/uk\/#website","url":"https:\/\/www.benn-allende-viertel.de\/uk\/","name":"BENN Allende-Viertel","description":"","potentialAction":[{"@type":"SearchAction","target":{"@type":"EntryPoint","urlTemplate":"https:\/\/www.benn-allende-viertel.de\/uk\/?s={search_term_string}"},"query-input":{"@type":"PropertyValueSpecification","valueRequired":true,"valueName":"search_term_string"}}],"inLanguage":"uk"},{"@type":"Person","@id":"https:\/\/www.benn-allende-viertel.de\/uk\/#\/schema\/person\/ac75a96f44f12620ee32a01ecf1ab0f9","name":"BENN Allende-Viertel","url":"https:\/\/www.benn-allende-viertel.de\/uk\/author\/bennallendeviertel\/"}]}},"spectra_custom_meta":{"_thumbnail_id":["2831"],"_fgj2wp_old_id":["816"],"_fgj2wp_translation_association_key":["8d6dced28365d153a6fd8ecee80361eb"],"_uag_css_file_name":["uag-css-3481.css"]},"uagb_featured_image_src":{"full":["https:\/\/www.benn-allende-viertel.de\/wp-content\/uploads\/sites\/8\/2023\/03\/IMG_20200530_131750___-021.jpg",1632,1224,false],"thumbnail":["https:\/\/www.benn-allende-viertel.de\/wp-content\/uploads\/sites\/8\/2023\/03\/IMG_20200530_131750___-021-150x150.jpg",150,150,true],"medium":["https:\/\/www.benn-allende-viertel.de\/wp-content\/uploads\/sites\/8\/2023\/03\/IMG_20200530_131750___-021-300x225.jpg",300,225,true],"medium_large":["https:\/\/www.benn-allende-viertel.de\/wp-content\/uploads\/sites\/8\/2023\/03\/IMG_20200530_131750___-021-768x576.jpg",768,576,true],"large":["https:\/\/www.benn-allende-viertel.de\/wp-content\/uploads\/sites\/8\/2023\/03\/IMG_20200530_131750___-021-1024x768.jpg",1024,768,true],"1536x1536":["https:\/\/www.benn-allende-viertel.de\/wp-content\/uploads\/sites\/8\/2023\/03\/IMG_20200530_131750___-021-1536x1152.jpg",1536,1152,true],"2048x2048":["https:\/\/www.benn-allende-viertel.de\/wp-content\/uploads\/sites\/8\/2023\/03\/IMG_20200530_131750___-021.jpg",1632,1224,false],"gform-image-choice-sm":["https:\/\/www.benn-allende-viertel.de\/wp-content\/uploads\/sites\/8\/2023\/03\/IMG_20200530_131750___-021.jpg",300,225,false],"gform-image-choice-md":["https:\/\/www.benn-allende-viertel.de\/wp-content\/uploads\/sites\/8\/2023\/03\/IMG_20200530_131750___-021.jpg",400,300,false],"gform-image-choice-lg":["https:\/\/www.benn-allende-viertel.de\/wp-content\/uploads\/sites\/8\/2023\/03\/IMG_20200530_131750___-021.jpg",600,450,false]},"uagb_author_info":{"display_name":"BENN Allende-Viertel","author_link":"https:\/\/www.benn-allende-viertel.de\/uk\/author\/bennallendeviertel\/"},"uagb_comment_info":0,"uagb_excerpt":"Ab Mai 2020 fand jeden Samstag in der Kinder- und Jugendfreizeiteinrichtung W\u00fcrfel die \u201eBastelkiste\u201c statt, bei der regelm\u00e4\u00dfig Kinder und Jugendliche aus dem Allende-Viertel zusammenkamen zum Basteln und sich Austauschen.&hellip;","publishpress_future_action":{"enabled":false,"date":"2026-05-07 08:40:48","action":"change-status","newStatus":"draft","terms":[],"taxonomy":"category","extraData":[]},"publishpress_future_workflow_manual_trigger":{"enabledWorkflows":[]},"_links":{"self":[{"href":"https:\/\/www.benn-allende-viertel.de\/uk\/wp-json\/wp\/v2\/posts\/3481","targetHints":{"allow":["GET"]}}],"collection":[{"href":"https:\/\/www.benn-allende-viertel.de\/uk\/wp-json\/wp\/v2\/posts"}],"about":[{"href":"https:\/\/www.benn-allende-viertel.de\/uk\/wp-json\/wp\/v2\/types\/post"}],"author":[{"embeddable":true,"href":"https:\/\/www.benn-allende-viertel.de\/uk\/wp-json\/wp\/v2\/users\/41"}],"replies":[{"embeddable":true,"href":"https:\/\/www.benn-allende-viertel.de\/uk\/wp-json\/wp\/v2\/comments?post=3481"}],"version-history":[{"count":0,"href":"https:\/\/www.benn-allende-viertel.de\/uk\/wp-json\/wp\/v2\/posts\/3481\/revisions"}],"wp:featuredmedia":[{"embeddable":true,"href":"https:\/\/www.benn-allende-viertel.de\/uk\/wp-json\/wp\/v2\/media\/2831"}],"wp:attachment":[{"href":"https:\/\/www.benn-allende-viertel.de\/uk\/wp-json\/wp\/v2\/media?parent=3481"}],"wp:term":[{"taxonomy":"category","embeddable":true,"href":"https:\/\/www.benn-allende-viertel.de\/uk\/wp-json\/wp\/v2\/categories?post=3481"},{"taxonomy":"post_tag","embeddable":true,"href":"https:\/\/www.benn-allende-viertel.de\/uk\/wp-json\/wp\/v2\/tags?post=3481"}],"curies":[{"name":"wp","href":"https:\/\/api.w.org\/{rel}","templated":true}]}}