{"id":3458,"date":"2023-03-21T13:18:51","date_gmt":"2023-03-21T12:18:51","guid":{"rendered":"https:\/\/multisite.list-gmbh.de\/benn-allende-viertel\/3458-zukunftswerkstatt-allende-viertel-2\/"},"modified":"2023-03-21T13:18:51","modified_gmt":"2023-03-21T12:18:51","slug":"zukunftswerkstatt-allende-viertel-2","status":"publish","type":"post","link":"https:\/\/www.benn-allende-viertel.de\/en\/3458-zukunftswerkstatt-allende-viertel-2\/","title":{"rendered":"Zukunftswerkstatt Allende-Viertel"},"content":{"rendered":"<p><span style=\"font-size: 18pt;\">\u201eDas Allende-Viertel ver\u00e4ndert und wandelt sich \u2013 ein gemeinsamer Austausch \u00fcber Ver\u00e4nderungen und Handlungswege soll durch die Zukunftswerkstatt angesto\u00dfen werden. Mit verschiedenen Einrichtungen, Gremien, Engagierten und Interessierten aus dem Allende I, Allende II und der K\u00e4mmereiheide blicken wir auf die n\u00e4chsten Jahre und stellen die Frage \u2013 Wie wollen wir hier im Kiez zusammenleben, arbeiten und gestalten?\u201c<\/span><\/p>\n<p><span style=\"font-size: 18pt;\">Mit diesen Themen wurde sich bei der Zukunftswerkstatt 2021 in der freiheit f\u00fcnfzehn besch\u00e4ftigt. Mit den \u00fcber 30 teilnehmenden Menschen aus der Nachbarschaft des Allende-Viertels sowie Vertreter*innen aus der Verwaltung konnte das BENN-Team mit der Sozialraumorientierten Planungskoordination (SPK) viele W\u00fcnsche und konkrete Ideen, kritische Stimmen und kluge Einw\u00e4nde aufnehmen und gemeinsam wurde sich dar\u00fcber ausgetauscht und diskutiert. Die Ergebnisse der Veranstaltung bildeten die Grundlage f\u00fcr eine langfristige und nachhaltige Zusammenarbeit im Allende-Viertel.<\/span><\/p>\n<p><img decoding=\"async\" class=\" size-full wp-image-2708\" src=\"https:\/\/www.benn-allende-viertel.de\/wp-content\/uploads\/sites\/8\/2022\/12\/P1130906-803-scaled.jpg\" alt=\"P1130906\" width=\"342\" height=\"253\" \/><img decoding=\"async\" class=\" size-full wp-image-2965\" src=\"https:\/\/www.benn-allende-viertel.de\/wp-content\/uploads\/sites\/8\/2023\/03\/P1130862-059-scaled.jpg\" alt=\"P1130862\" width=\"338\" height=\"253\" srcset=\"https:\/\/www.benn-allende-viertel.de\/wp-content\/uploads\/sites\/8\/2023\/03\/P1130862-059-scaled.jpg 2560w, https:\/\/www.benn-allende-viertel.de\/wp-content\/uploads\/sites\/8\/2023\/03\/P1130862-059-300x225.jpg 300w, https:\/\/www.benn-allende-viertel.de\/wp-content\/uploads\/sites\/8\/2023\/03\/P1130862-059-1024x768.jpg 1024w, https:\/\/www.benn-allende-viertel.de\/wp-content\/uploads\/sites\/8\/2023\/03\/P1130862-059-768x576.jpg 768w, https:\/\/www.benn-allende-viertel.de\/wp-content\/uploads\/sites\/8\/2023\/03\/P1130862-059-1536x1152.jpg 1536w, https:\/\/www.benn-allende-viertel.de\/wp-content\/uploads\/sites\/8\/2023\/03\/P1130862-059-2048x1536.jpg 2048w\" sizes=\"(max-width: 338px) 100vw, 338px\" \/><img decoding=\"async\" class=\" size-full wp-image-2971\" src=\"https:\/\/www.benn-allende-viertel.de\/wp-content\/uploads\/sites\/8\/2023\/03\/P1140135-168-scaled.jpg\" alt=\"P1140135\" width=\"336\" height=\"253\" srcset=\"https:\/\/www.benn-allende-viertel.de\/wp-content\/uploads\/sites\/8\/2023\/03\/P1140135-168-scaled.jpg 2560w, https:\/\/www.benn-allende-viertel.de\/wp-content\/uploads\/sites\/8\/2023\/03\/P1140135-168-300x225.jpg 300w, https:\/\/www.benn-allende-viertel.de\/wp-content\/uploads\/sites\/8\/2023\/03\/P1140135-168-1024x768.jpg 1024w, https:\/\/www.benn-allende-viertel.de\/wp-content\/uploads\/sites\/8\/2023\/03\/P1140135-168-768x576.jpg 768w, https:\/\/www.benn-allende-viertel.de\/wp-content\/uploads\/sites\/8\/2023\/03\/P1140135-168-1536x1152.jpg 1536w, https:\/\/www.benn-allende-viertel.de\/wp-content\/uploads\/sites\/8\/2023\/03\/P1140135-168-2048x1536.jpg 2048w\" sizes=\"(max-width: 336px) 100vw, 336px\" \/><\/p>\n<p><img decoding=\"async\" class=\" size-full wp-image-2977\" src=\"https:\/\/www.benn-allende-viertel.de\/wp-content\/uploads\/sites\/8\/2023\/03\/P1140185-7c4-scaled.jpg\" alt=\"P1140185\" width=\"339\" height=\"254\" srcset=\"https:\/\/www.benn-allende-viertel.de\/wp-content\/uploads\/sites\/8\/2023\/03\/P1140185-7c4-scaled.jpg 2560w, https:\/\/www.benn-allende-viertel.de\/wp-content\/uploads\/sites\/8\/2023\/03\/P1140185-7c4-300x225.jpg 300w, https:\/\/www.benn-allende-viertel.de\/wp-content\/uploads\/sites\/8\/2023\/03\/P1140185-7c4-1024x768.jpg 1024w, https:\/\/www.benn-allende-viertel.de\/wp-content\/uploads\/sites\/8\/2023\/03\/P1140185-7c4-768x576.jpg 768w, https:\/\/www.benn-allende-viertel.de\/wp-content\/uploads\/sites\/8\/2023\/03\/P1140185-7c4-1536x1152.jpg 1536w, https:\/\/www.benn-allende-viertel.de\/wp-content\/uploads\/sites\/8\/2023\/03\/P1140185-7c4-2048x1536.jpg 2048w\" sizes=\"(max-width: 339px) 100vw, 339px\" \/><img decoding=\"async\" class=\" size-full wp-image-2983\" src=\"https:\/\/www.benn-allende-viertel.de\/wp-content\/uploads\/sites\/8\/2023\/03\/P1140204-9c9-scaled.jpg\" alt=\"P1140204\" width=\"338\" height=\"254\" srcset=\"https:\/\/www.benn-allende-viertel.de\/wp-content\/uploads\/sites\/8\/2023\/03\/P1140204-9c9-scaled.jpg 2560w, https:\/\/www.benn-allende-viertel.de\/wp-content\/uploads\/sites\/8\/2023\/03\/P1140204-9c9-300x225.jpg 300w, https:\/\/www.benn-allende-viertel.de\/wp-content\/uploads\/sites\/8\/2023\/03\/P1140204-9c9-1024x768.jpg 1024w, https:\/\/www.benn-allende-viertel.de\/wp-content\/uploads\/sites\/8\/2023\/03\/P1140204-9c9-768x576.jpg 768w, https:\/\/www.benn-allende-viertel.de\/wp-content\/uploads\/sites\/8\/2023\/03\/P1140204-9c9-1536x1152.jpg 1536w, https:\/\/www.benn-allende-viertel.de\/wp-content\/uploads\/sites\/8\/2023\/03\/P1140204-9c9-2048x1536.jpg 2048w\" sizes=\"(max-width: 338px) 100vw, 338px\" \/><img decoding=\"async\" class=\" size-full wp-image-2989\" src=\"https:\/\/www.benn-allende-viertel.de\/wp-content\/uploads\/sites\/8\/2023\/03\/P1140177-f7d-scaled.jpg\" alt=\"P1140177\" width=\"339\" height=\"254\" srcset=\"https:\/\/www.benn-allende-viertel.de\/wp-content\/uploads\/sites\/8\/2023\/03\/P1140177-f7d-scaled.jpg 2560w, https:\/\/www.benn-allende-viertel.de\/wp-content\/uploads\/sites\/8\/2023\/03\/P1140177-f7d-300x225.jpg 300w, https:\/\/www.benn-allende-viertel.de\/wp-content\/uploads\/sites\/8\/2023\/03\/P1140177-f7d-1024x768.jpg 1024w, https:\/\/www.benn-allende-viertel.de\/wp-content\/uploads\/sites\/8\/2023\/03\/P1140177-f7d-768x576.jpg 768w, https:\/\/www.benn-allende-viertel.de\/wp-content\/uploads\/sites\/8\/2023\/03\/P1140177-f7d-1536x1152.jpg 1536w, https:\/\/www.benn-allende-viertel.de\/wp-content\/uploads\/sites\/8\/2023\/03\/P1140177-f7d-2048x1536.jpg 2048w\" sizes=\"(max-width: 339px) 100vw, 339px\" \/><br \/>\u00a9 Gabriele Senft<\/p>\n<p>&nbsp;<\/p>\n","protected":false},"excerpt":{"rendered":"<p>\u201eDas Allende-Viertel ver\u00e4ndert und wandelt sich \u2013 ein gemeinsamer Austausch \u00fcber Ver\u00e4nderungen und Handlungswege soll durch die Zukunftswerkstatt angesto\u00dfen werden. Mit verschiedenen Einrichtungen, Gremien, Engagierten und Interessierten aus dem Allende&hellip;<\/p>\n","protected":false},"author":41,"featured_media":2708,"comment_status":"closed","ping_status":"closed","sticky":false,"template":"","format":"standard","meta":{"_acf_changed":false,"_uag_custom_page_level_css":"","footnotes":""},"categories":[33],"tags":[],"class_list":["post-3458","post","type-post","status-publish","format-standard","has-post-thumbnail","hentry","category-33"],"acf":[],"yoast_head":"<!-- This site is optimized with the Yoast SEO plugin v27.4 - https:\/\/yoast.com\/product\/yoast-seo-wordpress\/ -->\n<title>Zukunftswerkstatt Allende-Viertel - BENN Allende-Viertel<\/title>\n<meta name=\"robots\" content=\"index, follow, max-snippet:-1, max-image-preview:large, max-video-preview:-1\" \/>\n<link rel=\"canonical\" href=\"https:\/\/www.benn-allende-viertel.de\/en\/3458-zukunftswerkstatt-allende-viertel-2\/\" \/>\n<meta property=\"og:locale\" content=\"en_US\" \/>\n<meta property=\"og:type\" content=\"article\" \/>\n<meta property=\"og:title\" content=\"Zukunftswerkstatt Allende-Viertel - BENN Allende-Viertel\" \/>\n<meta property=\"og:description\" content=\"\u201eDas Allende-Viertel ver\u00e4ndert und wandelt sich \u2013 ein gemeinsamer Austausch \u00fcber Ver\u00e4nderungen und Handlungswege soll durch die Zukunftswerkstatt angesto\u00dfen werden. Mit verschiedenen Einrichtungen, Gremien, Engagierten und Interessierten aus dem Allende&hellip;\" \/>\n<meta property=\"og:url\" content=\"https:\/\/www.benn-allende-viertel.de\/en\/3458-zukunftswerkstatt-allende-viertel-2\/\" \/>\n<meta property=\"og:site_name\" content=\"BENN Allende-Viertel\" \/>\n<meta property=\"article:published_time\" content=\"2023-03-21T12:18:51+00:00\" \/>\n<meta property=\"og:image\" content=\"https:\/\/www.benn-allende-viertel.de\/wp-content\/uploads\/sites\/8\/2022\/12\/P1130906-803-scaled.jpg\" \/>\n\t<meta property=\"og:image:width\" content=\"2560\" \/>\n\t<meta property=\"og:image:height\" content=\"1920\" \/>\n\t<meta property=\"og:image:type\" content=\"image\/jpeg\" \/>\n<meta name=\"author\" content=\"BENN Allende-Viertel\" \/>\n<meta name=\"twitter:card\" content=\"summary_large_image\" \/>\n<meta name=\"twitter:label1\" content=\"Written by\" \/>\n\t<meta name=\"twitter:data1\" content=\"BENN Allende-Viertel\" \/>\n\t<meta name=\"twitter:label2\" content=\"Est. reading time\" \/>\n\t<meta name=\"twitter:data2\" content=\"1 minute\" \/>\n<script type=\"application\/ld+json\" class=\"yoast-schema-graph\">{\"@context\":\"https:\\\/\\\/schema.org\",\"@graph\":[{\"@type\":\"Article\",\"@id\":\"https:\\\/\\\/www.benn-allende-viertel.de\\\/en\\\/3458-zukunftswerkstatt-allende-viertel-2\\\/#article\",\"isPartOf\":{\"@id\":\"https:\\\/\\\/www.benn-allende-viertel.de\\\/en\\\/3458-zukunftswerkstatt-allende-viertel-2\\\/\"},\"author\":{\"name\":\"BENN Allende-Viertel\",\"@id\":\"https:\\\/\\\/www.benn-allende-viertel.de\\\/en\\\/#\\\/schema\\\/person\\\/ac75a96f44f12620ee32a01ecf1ab0f9\"},\"headline\":\"Zukunftswerkstatt Allende-Viertel\",\"datePublished\":\"2023-03-21T12:18:51+00:00\",\"mainEntityOfPage\":{\"@id\":\"https:\\\/\\\/www.benn-allende-viertel.de\\\/en\\\/3458-zukunftswerkstatt-allende-viertel-2\\\/\"},\"wordCount\":142,\"image\":{\"@id\":\"https:\\\/\\\/www.benn-allende-viertel.de\\\/en\\\/3458-zukunftswerkstatt-allende-viertel-2\\\/#primaryimage\"},\"thumbnailUrl\":\"https:\\\/\\\/www.benn-allende-viertel.de\\\/wp-content\\\/uploads\\\/sites\\\/8\\\/2022\\\/12\\\/P1130906-803-scaled.jpg\",\"articleSection\":[\"Projekte 2021\"],\"inLanguage\":\"en-US\"},{\"@type\":\"WebPage\",\"@id\":\"https:\\\/\\\/www.benn-allende-viertel.de\\\/en\\\/3458-zukunftswerkstatt-allende-viertel-2\\\/\",\"url\":\"https:\\\/\\\/www.benn-allende-viertel.de\\\/en\\\/3458-zukunftswerkstatt-allende-viertel-2\\\/\",\"name\":\"Zukunftswerkstatt Allende-Viertel - BENN Allende-Viertel\",\"isPartOf\":{\"@id\":\"https:\\\/\\\/www.benn-allende-viertel.de\\\/en\\\/#website\"},\"primaryImageOfPage\":{\"@id\":\"https:\\\/\\\/www.benn-allende-viertel.de\\\/en\\\/3458-zukunftswerkstatt-allende-viertel-2\\\/#primaryimage\"},\"image\":{\"@id\":\"https:\\\/\\\/www.benn-allende-viertel.de\\\/en\\\/3458-zukunftswerkstatt-allende-viertel-2\\\/#primaryimage\"},\"thumbnailUrl\":\"https:\\\/\\\/www.benn-allende-viertel.de\\\/wp-content\\\/uploads\\\/sites\\\/8\\\/2022\\\/12\\\/P1130906-803-scaled.jpg\",\"datePublished\":\"2023-03-21T12:18:51+00:00\",\"author\":{\"@id\":\"https:\\\/\\\/www.benn-allende-viertel.de\\\/en\\\/#\\\/schema\\\/person\\\/ac75a96f44f12620ee32a01ecf1ab0f9\"},\"breadcrumb\":{\"@id\":\"https:\\\/\\\/www.benn-allende-viertel.de\\\/en\\\/3458-zukunftswerkstatt-allende-viertel-2\\\/#breadcrumb\"},\"inLanguage\":\"en-US\",\"potentialAction\":[{\"@type\":\"ReadAction\",\"target\":[\"https:\\\/\\\/www.benn-allende-viertel.de\\\/en\\\/3458-zukunftswerkstatt-allende-viertel-2\\\/\"]}]},{\"@type\":\"ImageObject\",\"inLanguage\":\"en-US\",\"@id\":\"https:\\\/\\\/www.benn-allende-viertel.de\\\/en\\\/3458-zukunftswerkstatt-allende-viertel-2\\\/#primaryimage\",\"url\":\"https:\\\/\\\/www.benn-allende-viertel.de\\\/wp-content\\\/uploads\\\/sites\\\/8\\\/2022\\\/12\\\/P1130906-803-scaled.jpg\",\"contentUrl\":\"https:\\\/\\\/www.benn-allende-viertel.de\\\/wp-content\\\/uploads\\\/sites\\\/8\\\/2022\\\/12\\\/P1130906-803-scaled.jpg\",\"width\":2560,\"height\":1920,\"caption\":\"P1130906\"},{\"@type\":\"BreadcrumbList\",\"@id\":\"https:\\\/\\\/www.benn-allende-viertel.de\\\/en\\\/3458-zukunftswerkstatt-allende-viertel-2\\\/#breadcrumb\",\"itemListElement\":[{\"@type\":\"ListItem\",\"position\":1,\"name\":\"Startseite\",\"item\":\"https:\\\/\\\/www.benn-allende-viertel.de\\\/en\\\/\"},{\"@type\":\"ListItem\",\"position\":2,\"name\":\"Zukunftswerkstatt Allende-Viertel\"}]},{\"@type\":\"WebSite\",\"@id\":\"https:\\\/\\\/www.benn-allende-viertel.de\\\/en\\\/#website\",\"url\":\"https:\\\/\\\/www.benn-allende-viertel.de\\\/en\\\/\",\"name\":\"BENN Allende-Viertel\",\"description\":\"\",\"potentialAction\":[{\"@type\":\"SearchAction\",\"target\":{\"@type\":\"EntryPoint\",\"urlTemplate\":\"https:\\\/\\\/www.benn-allende-viertel.de\\\/en\\\/?s={search_term_string}\"},\"query-input\":{\"@type\":\"PropertyValueSpecification\",\"valueRequired\":true,\"valueName\":\"search_term_string\"}}],\"inLanguage\":\"en-US\"},{\"@type\":\"Person\",\"@id\":\"https:\\\/\\\/www.benn-allende-viertel.de\\\/en\\\/#\\\/schema\\\/person\\\/ac75a96f44f12620ee32a01ecf1ab0f9\",\"name\":\"BENN Allende-Viertel\",\"url\":\"https:\\\/\\\/www.benn-allende-viertel.de\\\/en\\\/author\\\/bennallendeviertel\\\/\"}]}<\/script>\n<!-- \/ Yoast SEO plugin. -->","yoast_head_json":{"title":"Zukunftswerkstatt Allende-Viertel - BENN Allende-Viertel","robots":{"index":"index","follow":"follow","max-snippet":"max-snippet:-1","max-image-preview":"max-image-preview:large","max-video-preview":"max-video-preview:-1"},"canonical":"https:\/\/www.benn-allende-viertel.de\/en\/3458-zukunftswerkstatt-allende-viertel-2\/","og_locale":"en_US","og_type":"article","og_title":"Zukunftswerkstatt Allende-Viertel - BENN Allende-Viertel","og_description":"\u201eDas Allende-Viertel ver\u00e4ndert und wandelt sich \u2013 ein gemeinsamer Austausch \u00fcber Ver\u00e4nderungen und Handlungswege soll durch die Zukunftswerkstatt angesto\u00dfen werden. Mit verschiedenen Einrichtungen, Gremien, Engagierten und Interessierten aus dem Allende&hellip;","og_url":"https:\/\/www.benn-allende-viertel.de\/en\/3458-zukunftswerkstatt-allende-viertel-2\/","og_site_name":"BENN Allende-Viertel","article_published_time":"2023-03-21T12:18:51+00:00","og_image":[{"width":2560,"height":1920,"url":"https:\/\/www.benn-allende-viertel.de\/wp-content\/uploads\/sites\/8\/2022\/12\/P1130906-803-scaled.jpg","type":"image\/jpeg"}],"author":"BENN Allende-Viertel","twitter_card":"summary_large_image","twitter_misc":{"Written by":"BENN Allende-Viertel","Est. reading time":"1 minute"},"schema":{"@context":"https:\/\/schema.org","@graph":[{"@type":"Article","@id":"https:\/\/www.benn-allende-viertel.de\/en\/3458-zukunftswerkstatt-allende-viertel-2\/#article","isPartOf":{"@id":"https:\/\/www.benn-allende-viertel.de\/en\/3458-zukunftswerkstatt-allende-viertel-2\/"},"author":{"name":"BENN Allende-Viertel","@id":"https:\/\/www.benn-allende-viertel.de\/en\/#\/schema\/person\/ac75a96f44f12620ee32a01ecf1ab0f9"},"headline":"Zukunftswerkstatt Allende-Viertel","datePublished":"2023-03-21T12:18:51+00:00","mainEntityOfPage":{"@id":"https:\/\/www.benn-allende-viertel.de\/en\/3458-zukunftswerkstatt-allende-viertel-2\/"},"wordCount":142,"image":{"@id":"https:\/\/www.benn-allende-viertel.de\/en\/3458-zukunftswerkstatt-allende-viertel-2\/#primaryimage"},"thumbnailUrl":"https:\/\/www.benn-allende-viertel.de\/wp-content\/uploads\/sites\/8\/2022\/12\/P1130906-803-scaled.jpg","articleSection":["Projekte 2021"],"inLanguage":"en-US"},{"@type":"WebPage","@id":"https:\/\/www.benn-allende-viertel.de\/en\/3458-zukunftswerkstatt-allende-viertel-2\/","url":"https:\/\/www.benn-allende-viertel.de\/en\/3458-zukunftswerkstatt-allende-viertel-2\/","name":"Zukunftswerkstatt Allende-Viertel - BENN Allende-Viertel","isPartOf":{"@id":"https:\/\/www.benn-allende-viertel.de\/en\/#website"},"primaryImageOfPage":{"@id":"https:\/\/www.benn-allende-viertel.de\/en\/3458-zukunftswerkstatt-allende-viertel-2\/#primaryimage"},"image":{"@id":"https:\/\/www.benn-allende-viertel.de\/en\/3458-zukunftswerkstatt-allende-viertel-2\/#primaryimage"},"thumbnailUrl":"https:\/\/www.benn-allende-viertel.de\/wp-content\/uploads\/sites\/8\/2022\/12\/P1130906-803-scaled.jpg","datePublished":"2023-03-21T12:18:51+00:00","author":{"@id":"https:\/\/www.benn-allende-viertel.de\/en\/#\/schema\/person\/ac75a96f44f12620ee32a01ecf1ab0f9"},"breadcrumb":{"@id":"https:\/\/www.benn-allende-viertel.de\/en\/3458-zukunftswerkstatt-allende-viertel-2\/#breadcrumb"},"inLanguage":"en-US","potentialAction":[{"@type":"ReadAction","target":["https:\/\/www.benn-allende-viertel.de\/en\/3458-zukunftswerkstatt-allende-viertel-2\/"]}]},{"@type":"ImageObject","inLanguage":"en-US","@id":"https:\/\/www.benn-allende-viertel.de\/en\/3458-zukunftswerkstatt-allende-viertel-2\/#primaryimage","url":"https:\/\/www.benn-allende-viertel.de\/wp-content\/uploads\/sites\/8\/2022\/12\/P1130906-803-scaled.jpg","contentUrl":"https:\/\/www.benn-allende-viertel.de\/wp-content\/uploads\/sites\/8\/2022\/12\/P1130906-803-scaled.jpg","width":2560,"height":1920,"caption":"P1130906"},{"@type":"BreadcrumbList","@id":"https:\/\/www.benn-allende-viertel.de\/en\/3458-zukunftswerkstatt-allende-viertel-2\/#breadcrumb","itemListElement":[{"@type":"ListItem","position":1,"name":"Startseite","item":"https:\/\/www.benn-allende-viertel.de\/en\/"},{"@type":"ListItem","position":2,"name":"Zukunftswerkstatt Allende-Viertel"}]},{"@type":"WebSite","@id":"https:\/\/www.benn-allende-viertel.de\/en\/#website","url":"https:\/\/www.benn-allende-viertel.de\/en\/","name":"BENN Allende-Viertel","description":"","potentialAction":[{"@type":"SearchAction","target":{"@type":"EntryPoint","urlTemplate":"https:\/\/www.benn-allende-viertel.de\/en\/?s={search_term_string}"},"query-input":{"@type":"PropertyValueSpecification","valueRequired":true,"valueName":"search_term_string"}}],"inLanguage":"en-US"},{"@type":"Person","@id":"https:\/\/www.benn-allende-viertel.de\/en\/#\/schema\/person\/ac75a96f44f12620ee32a01ecf1ab0f9","name":"BENN Allende-Viertel","url":"https:\/\/www.benn-allende-viertel.de\/en\/author\/bennallendeviertel\/"}]}},"spectra_custom_meta":{"_thumbnail_id":["2708"],"_fgj2wp_old_id":["793"],"_fgj2wp_translation_association_key":["e333d9864c5a2e803f67eea9cafecc55"],"_uag_css_file_name":["uag-css-3458.css"]},"uagb_featured_image_src":{"full":["https:\/\/www.benn-allende-viertel.de\/wp-content\/uploads\/sites\/8\/2022\/12\/P1130906-803-scaled.jpg",2560,1920,false],"thumbnail":["https:\/\/www.benn-allende-viertel.de\/wp-content\/uploads\/sites\/8\/2022\/12\/P1130906-803-150x150.jpg",150,150,true],"medium":["https:\/\/www.benn-allende-viertel.de\/wp-content\/uploads\/sites\/8\/2022\/12\/P1130906-803-300x225.jpg",300,225,true],"medium_large":["https:\/\/www.benn-allende-viertel.de\/wp-content\/uploads\/sites\/8\/2022\/12\/P1130906-803-768x576.jpg",768,576,true],"large":["https:\/\/www.benn-allende-viertel.de\/wp-content\/uploads\/sites\/8\/2022\/12\/P1130906-803-1024x768.jpg",1024,768,true],"1536x1536":["https:\/\/www.benn-allende-viertel.de\/wp-content\/uploads\/sites\/8\/2022\/12\/P1130906-803-1536x1152.jpg",1536,1152,true],"2048x2048":["https:\/\/www.benn-allende-viertel.de\/wp-content\/uploads\/sites\/8\/2022\/12\/P1130906-803-2048x1536.jpg",2048,1536,true],"gform-image-choice-sm":["https:\/\/www.benn-allende-viertel.de\/wp-content\/uploads\/sites\/8\/2022\/12\/P1130906-803-scaled.jpg",300,225,false],"gform-image-choice-md":["https:\/\/www.benn-allende-viertel.de\/wp-content\/uploads\/sites\/8\/2022\/12\/P1130906-803-scaled.jpg",400,300,false],"gform-image-choice-lg":["https:\/\/www.benn-allende-viertel.de\/wp-content\/uploads\/sites\/8\/2022\/12\/P1130906-803-scaled.jpg",600,450,false]},"uagb_author_info":{"display_name":"BENN Allende-Viertel","author_link":"https:\/\/www.benn-allende-viertel.de\/en\/author\/bennallendeviertel\/"},"uagb_comment_info":0,"uagb_excerpt":"\u201eDas Allende-Viertel ver\u00e4ndert und wandelt sich \u2013 ein gemeinsamer Austausch \u00fcber Ver\u00e4nderungen und Handlungswege soll durch die Zukunftswerkstatt angesto\u00dfen werden. Mit verschiedenen Einrichtungen, Gremien, Engagierten und Interessierten aus dem Allende&hellip;","publishpress_future_action":{"enabled":false,"date":"2026-05-06 20:41:41","action":"change-status","newStatus":"draft","terms":[],"taxonomy":"category","extraData":[]},"publishpress_future_workflow_manual_trigger":{"enabledWorkflows":[]},"_links":{"self":[{"href":"https:\/\/www.benn-allende-viertel.de\/en\/wp-json\/wp\/v2\/posts\/3458","targetHints":{"allow":["GET"]}}],"collection":[{"href":"https:\/\/www.benn-allende-viertel.de\/en\/wp-json\/wp\/v2\/posts"}],"about":[{"href":"https:\/\/www.benn-allende-viertel.de\/en\/wp-json\/wp\/v2\/types\/post"}],"author":[{"embeddable":true,"href":"https:\/\/www.benn-allende-viertel.de\/en\/wp-json\/wp\/v2\/users\/41"}],"replies":[{"embeddable":true,"href":"https:\/\/www.benn-allende-viertel.de\/en\/wp-json\/wp\/v2\/comments?post=3458"}],"version-history":[{"count":0,"href":"https:\/\/www.benn-allende-viertel.de\/en\/wp-json\/wp\/v2\/posts\/3458\/revisions"}],"wp:featuredmedia":[{"embeddable":true,"href":"https:\/\/www.benn-allende-viertel.de\/en\/wp-json\/wp\/v2\/media\/2708"}],"wp:attachment":[{"href":"https:\/\/www.benn-allende-viertel.de\/en\/wp-json\/wp\/v2\/media?parent=3458"}],"wp:term":[{"taxonomy":"category","embeddable":true,"href":"https:\/\/www.benn-allende-viertel.de\/en\/wp-json\/wp\/v2\/categories?post=3458"},{"taxonomy":"post_tag","embeddable":true,"href":"https:\/\/www.benn-allende-viertel.de\/en\/wp-json\/wp\/v2\/tags?post=3458"}],"curies":[{"name":"wp","href":"https:\/\/api.w.org\/{rel}","templated":true}]}}