{"id":3408,"date":"2023-03-21T13:22:28","date_gmt":"2023-03-21T12:22:28","guid":{"rendered":"https:\/\/multisite.list-gmbh.de\/benn-allende-viertel\/3408-benn-geburtstagsfete-2-2\/"},"modified":"2023-03-21T13:22:28","modified_gmt":"2023-03-21T12:22:28","slug":"benn-geburtstagsfete-2-2","status":"publish","type":"post","link":"https:\/\/www.benn-allende-viertel.de\/en\/3408-benn-geburtstagsfete-2-2\/","title":{"rendered":"BENN-Geburtstagsfete"},"content":{"rendered":"<p><img decoding=\"async\" class=\" size-full wp-image-2996\" src=\"https:\/\/www.benn-allende-viertel.de\/wp-content\/uploads\/sites\/8\/2023\/03\/20220705-14-13-07-Gabriele_Senft-6e0-scaled.jpg\" alt=\"20220705 14 13 07 Gabriele Senft\" width=\"303\" height=\"243\" srcset=\"https:\/\/www.benn-allende-viertel.de\/wp-content\/uploads\/sites\/8\/2023\/03\/20220705-14-13-07-Gabriele_Senft-6e0-scaled.jpg 2560w, https:\/\/www.benn-allende-viertel.de\/wp-content\/uploads\/sites\/8\/2023\/03\/20220705-14-13-07-Gabriele_Senft-6e0-300x241.jpg 300w, https:\/\/www.benn-allende-viertel.de\/wp-content\/uploads\/sites\/8\/2023\/03\/20220705-14-13-07-Gabriele_Senft-6e0-1024x824.jpg 1024w, https:\/\/www.benn-allende-viertel.de\/wp-content\/uploads\/sites\/8\/2023\/03\/20220705-14-13-07-Gabriele_Senft-6e0-768x618.jpg 768w, https:\/\/www.benn-allende-viertel.de\/wp-content\/uploads\/sites\/8\/2023\/03\/20220705-14-13-07-Gabriele_Senft-6e0-1536x1236.jpg 1536w, https:\/\/www.benn-allende-viertel.de\/wp-content\/uploads\/sites\/8\/2023\/03\/20220705-14-13-07-Gabriele_Senft-6e0-2048x1648.jpg 2048w\" sizes=\"(max-width: 303px) 100vw, 303px\" \/>&nbsp; &nbsp; &nbsp;<img decoding=\"async\" class=\" size-full wp-image-3002\" src=\"https:\/\/www.benn-allende-viertel.de\/wp-content\/uploads\/sites\/8\/2023\/03\/20220705-13-55-18-Bearbeitet-07d-scaled.jpg\" alt=\"20220705 13 55 18 Bearbeitet\" width=\"368\" height=\"243\" srcset=\"https:\/\/www.benn-allende-viertel.de\/wp-content\/uploads\/sites\/8\/2023\/03\/20220705-13-55-18-Bearbeitet-07d-scaled.jpg 2560w, https:\/\/www.benn-allende-viertel.de\/wp-content\/uploads\/sites\/8\/2023\/03\/20220705-13-55-18-Bearbeitet-07d-300x198.jpg 300w, https:\/\/www.benn-allende-viertel.de\/wp-content\/uploads\/sites\/8\/2023\/03\/20220705-13-55-18-Bearbeitet-07d-1024x676.jpg 1024w, https:\/\/www.benn-allende-viertel.de\/wp-content\/uploads\/sites\/8\/2023\/03\/20220705-13-55-18-Bearbeitet-07d-768x507.jpg 768w, https:\/\/www.benn-allende-viertel.de\/wp-content\/uploads\/sites\/8\/2023\/03\/20220705-13-55-18-Bearbeitet-07d-1536x1014.jpg 1536w, https:\/\/www.benn-allende-viertel.de\/wp-content\/uploads\/sites\/8\/2023\/03\/20220705-13-55-18-Bearbeitet-07d-2048x1352.jpg 2048w\" sizes=\"(max-width: 368px) 100vw, 368px\" \/>&nbsp; &nbsp; &nbsp;<img decoding=\"async\" class=\" size-full wp-image-2647\" src=\"https:\/\/www.benn-allende-viertel.de\/wp-content\/uploads\/sites\/8\/2022\/12\/20220705-14-16-49-Gabriele_Senft-fe2-scaled.jpg\" alt=\"20220705 14 16 49 Gabriele Senft\" width=\"370\" height=\"243\" srcset=\"https:\/\/www.benn-allende-viertel.de\/wp-content\/uploads\/sites\/8\/2022\/12\/20220705-14-16-49-Gabriele_Senft-fe2-scaled.jpg 2560w, https:\/\/www.benn-allende-viertel.de\/wp-content\/uploads\/sites\/8\/2022\/12\/20220705-14-16-49-Gabriele_Senft-fe2-300x197.jpg 300w, https:\/\/www.benn-allende-viertel.de\/wp-content\/uploads\/sites\/8\/2022\/12\/20220705-14-16-49-Gabriele_Senft-fe2-1024x673.jpg 1024w, https:\/\/www.benn-allende-viertel.de\/wp-content\/uploads\/sites\/8\/2022\/12\/20220705-14-16-49-Gabriele_Senft-fe2-768x505.jpg 768w, https:\/\/www.benn-allende-viertel.de\/wp-content\/uploads\/sites\/8\/2022\/12\/20220705-14-16-49-Gabriele_Senft-fe2-1536x1010.jpg 1536w, https:\/\/www.benn-allende-viertel.de\/wp-content\/uploads\/sites\/8\/2022\/12\/20220705-14-16-49-Gabriele_Senft-fe2-2048x1346.jpg 2048w\" sizes=\"(max-width: 370px) 100vw, 370px\" \/>\u00a9&nbsp;Gabriele Senft<\/p>\n<p><span style=\"font-size: 18pt;\">BENN Allende-Viertel wird 5 Jahre alt!<\/span><\/p>\n<p><span style=\"font-size: 18pt;\">Am 5. Juli 2022 wurde das f\u00fcnfj\u00e4hrige Bestehen des BENN-B\u00fcros im Allende-Viertel mit vielen Nachbar*innen, haupt- und ehrenamtlich im Allende-Viertel T\u00e4tigen und G\u00e4st*innen aus Verwaltung und Politik gefeiert.<\/span><\/p>\n<p><span style=\"font-size: 18pt;\">Begleitet von Musik von der kolumbianischen K\u00fcnstlerin DJ Manuela Amuleto und dem chilenischen Musiker Rodrigo Santa Maria sowie leckeren syrischen Snacks und S\u00fc\u00dfspeisen wurde gemeinsam mit den Geburtstagsg\u00e4sten ein Blick zur\u00fcck auf die letzten f\u00fcnf Jahre und ein Blick in die weitere gemeinsame Zeit im Allende-Viertel geworfen. Auch die Staatssekret\u00e4rin \u00dclker Radziwill (Senatsverwaltung f\u00fcr Stadtentwicklung, Bauen und Wohnen) und der Bezirksb\u00fcrgermeister Oliver Igel sprachen ein paar Gru\u00dfworte. Zahlreiche Wegbegleiter*innen von BENN nahmen am Geburtstagsfest teil. Es gab eine Fotoaktion und f\u00fcr die jungen G\u00e4ste eine tolle Bastelstation.<\/span><\/p>\n<p><span style=\"font-size: 18pt;\">Das Stra\u00dfenfest konnte aufgrund einer Stra\u00dfensperrung coronakonform und barrierefrei durchgef\u00fchrt werden.<\/span><\/p>\n<p><img decoding=\"async\" class=\" size-full wp-image-3008\" src=\"https:\/\/www.benn-allende-viertel.de\/wp-content\/uploads\/sites\/8\/2023\/03\/20220705-16-40-57-Gabriele_Senft-68a-scaled.jpg\" alt=\"20220705 16 40 57 Gabriele Senft\" width=\"113\" height=\"201\" srcset=\"https:\/\/www.benn-allende-viertel.de\/wp-content\/uploads\/sites\/8\/2023\/03\/20220705-16-40-57-Gabriele_Senft-68a-scaled.jpg 1440w, https:\/\/www.benn-allende-viertel.de\/wp-content\/uploads\/sites\/8\/2023\/03\/20220705-16-40-57-Gabriele_Senft-68a-169x300.jpg 169w, https:\/\/www.benn-allende-viertel.de\/wp-content\/uploads\/sites\/8\/2023\/03\/20220705-16-40-57-Gabriele_Senft-68a-576x1024.jpg 576w, https:\/\/www.benn-allende-viertel.de\/wp-content\/uploads\/sites\/8\/2023\/03\/20220705-16-40-57-Gabriele_Senft-68a-768x1365.jpg 768w, https:\/\/www.benn-allende-viertel.de\/wp-content\/uploads\/sites\/8\/2023\/03\/20220705-16-40-57-Gabriele_Senft-68a-864x1536.jpg 864w, https:\/\/www.benn-allende-viertel.de\/wp-content\/uploads\/sites\/8\/2023\/03\/20220705-16-40-57-Gabriele_Senft-68a-1152x2048.jpg 1152w\" sizes=\"(max-width: 113px) 100vw, 113px\" \/>&nbsp; &nbsp; &nbsp;<img decoding=\"async\" class=\" size-full wp-image-3014\" src=\"https:\/\/www.benn-allende-viertel.de\/wp-content\/uploads\/sites\/8\/2023\/03\/20220705-2-Gabriele_Senft-b7d-scaled.jpg\" alt=\"20220705 2 Gabriele Senft\" width=\"302\" height=\"201\" srcset=\"https:\/\/www.benn-allende-viertel.de\/wp-content\/uploads\/sites\/8\/2023\/03\/20220705-2-Gabriele_Senft-b7d-scaled.jpg 2560w, https:\/\/www.benn-allende-viertel.de\/wp-content\/uploads\/sites\/8\/2023\/03\/20220705-2-Gabriele_Senft-b7d-300x200.jpg 300w, https:\/\/www.benn-allende-viertel.de\/wp-content\/uploads\/sites\/8\/2023\/03\/20220705-2-Gabriele_Senft-b7d-1024x682.jpg 1024w, https:\/\/www.benn-allende-viertel.de\/wp-content\/uploads\/sites\/8\/2023\/03\/20220705-2-Gabriele_Senft-b7d-768x511.jpg 768w, https:\/\/www.benn-allende-viertel.de\/wp-content\/uploads\/sites\/8\/2023\/03\/20220705-2-Gabriele_Senft-b7d-1536x1022.jpg 1536w, https:\/\/www.benn-allende-viertel.de\/wp-content\/uploads\/sites\/8\/2023\/03\/20220705-2-Gabriele_Senft-b7d-2048x1363.jpg 2048w\" sizes=\"(max-width: 302px) 100vw, 302px\" \/>&nbsp; &nbsp; &nbsp;<img decoding=\"async\" class=\" size-full wp-image-3020\" src=\"https:\/\/www.benn-allende-viertel.de\/wp-content\/uploads\/sites\/8\/2023\/03\/20220705-14-25-42-Gabriele_Senft-e2a-scaled.jpg\" alt=\"20220705 14 25 42 Gabriele Senft\" width=\"300\" height=\"200\" srcset=\"https:\/\/www.benn-allende-viertel.de\/wp-content\/uploads\/sites\/8\/2023\/03\/20220705-14-25-42-Gabriele_Senft-e2a-scaled.jpg 2560w, https:\/\/www.benn-allende-viertel.de\/wp-content\/uploads\/sites\/8\/2023\/03\/20220705-14-25-42-Gabriele_Senft-e2a-300x200.jpg 300w, https:\/\/www.benn-allende-viertel.de\/wp-content\/uploads\/sites\/8\/2023\/03\/20220705-14-25-42-Gabriele_Senft-e2a-1024x682.jpg 1024w, https:\/\/www.benn-allende-viertel.de\/wp-content\/uploads\/sites\/8\/2023\/03\/20220705-14-25-42-Gabriele_Senft-e2a-768x511.jpg 768w, https:\/\/www.benn-allende-viertel.de\/wp-content\/uploads\/sites\/8\/2023\/03\/20220705-14-25-42-Gabriele_Senft-e2a-1536x1022.jpg 1536w, https:\/\/www.benn-allende-viertel.de\/wp-content\/uploads\/sites\/8\/2023\/03\/20220705-14-25-42-Gabriele_Senft-e2a-2048x1363.jpg 2048w\" sizes=\"(max-width: 300px) 100vw, 300px\" \/>&nbsp; &nbsp;&nbsp;&nbsp;<img decoding=\"async\" class=\" size-full wp-image-3026\" src=\"https:\/\/www.benn-allende-viertel.de\/wp-content\/uploads\/sites\/8\/2023\/03\/20220705-14-42-55-Gabriele_Senft-5ab-scaled.jpg\" alt=\"20220705 14 42 55 Gabriele Senft\" width=\"300\" height=\"200\" srcset=\"https:\/\/www.benn-allende-viertel.de\/wp-content\/uploads\/sites\/8\/2023\/03\/20220705-14-42-55-Gabriele_Senft-5ab-scaled.jpg 2560w, https:\/\/www.benn-allende-viertel.de\/wp-content\/uploads\/sites\/8\/2023\/03\/20220705-14-42-55-Gabriele_Senft-5ab-300x200.jpg 300w, https:\/\/www.benn-allende-viertel.de\/wp-content\/uploads\/sites\/8\/2023\/03\/20220705-14-42-55-Gabriele_Senft-5ab-1024x682.jpg 1024w, https:\/\/www.benn-allende-viertel.de\/wp-content\/uploads\/sites\/8\/2023\/03\/20220705-14-42-55-Gabriele_Senft-5ab-768x511.jpg 768w, https:\/\/www.benn-allende-viertel.de\/wp-content\/uploads\/sites\/8\/2023\/03\/20220705-14-42-55-Gabriele_Senft-5ab-1536x1023.jpg 1536w, https:\/\/www.benn-allende-viertel.de\/wp-content\/uploads\/sites\/8\/2023\/03\/20220705-14-42-55-Gabriele_Senft-5ab-2048x1363.jpg 2048w\" sizes=\"(max-width: 300px) 100vw, 300px\" \/><\/p>\n<p><img decoding=\"async\" class=\" size-full wp-image-3032\" src=\"https:\/\/www.benn-allende-viertel.de\/wp-content\/uploads\/sites\/8\/2023\/03\/20220705-14-49-17-Gabriele_Senft-f4d-scaled.jpg\" alt=\"20220705 14 49 17 Gabriele Senft\" width=\"299\" height=\"199\" srcset=\"https:\/\/www.benn-allende-viertel.de\/wp-content\/uploads\/sites\/8\/2023\/03\/20220705-14-49-17-Gabriele_Senft-f4d-scaled.jpg 2560w, https:\/\/www.benn-allende-viertel.de\/wp-content\/uploads\/sites\/8\/2023\/03\/20220705-14-49-17-Gabriele_Senft-f4d-300x200.jpg 300w, https:\/\/www.benn-allende-viertel.de\/wp-content\/uploads\/sites\/8\/2023\/03\/20220705-14-49-17-Gabriele_Senft-f4d-1024x681.jpg 1024w, https:\/\/www.benn-allende-viertel.de\/wp-content\/uploads\/sites\/8\/2023\/03\/20220705-14-49-17-Gabriele_Senft-f4d-768x511.jpg 768w, https:\/\/www.benn-allende-viertel.de\/wp-content\/uploads\/sites\/8\/2023\/03\/20220705-14-49-17-Gabriele_Senft-f4d-1536x1022.jpg 1536w, https:\/\/www.benn-allende-viertel.de\/wp-content\/uploads\/sites\/8\/2023\/03\/20220705-14-49-17-Gabriele_Senft-f4d-2048x1363.jpg 2048w\" sizes=\"(max-width: 299px) 100vw, 299px\" \/>&nbsp; &nbsp;&nbsp;<img decoding=\"async\" class=\" size-full wp-image-3038\" src=\"https:\/\/www.benn-allende-viertel.de\/wp-content\/uploads\/sites\/8\/2023\/03\/20220705-14-54-22-Gabriele_Senft-bef-scaled.jpg\" alt=\"20220705 14 54 22 Gabriele Senft\" width=\"299\" height=\"199\" srcset=\"https:\/\/www.benn-allende-viertel.de\/wp-content\/uploads\/sites\/8\/2023\/03\/20220705-14-54-22-Gabriele_Senft-bef-scaled.jpg 2560w, https:\/\/www.benn-allende-viertel.de\/wp-content\/uploads\/sites\/8\/2023\/03\/20220705-14-54-22-Gabriele_Senft-bef-300x200.jpg 300w, https:\/\/www.benn-allende-viertel.de\/wp-content\/uploads\/sites\/8\/2023\/03\/20220705-14-54-22-Gabriele_Senft-bef-1024x682.jpg 1024w, https:\/\/www.benn-allende-viertel.de\/wp-content\/uploads\/sites\/8\/2023\/03\/20220705-14-54-22-Gabriele_Senft-bef-768x511.jpg 768w, https:\/\/www.benn-allende-viertel.de\/wp-content\/uploads\/sites\/8\/2023\/03\/20220705-14-54-22-Gabriele_Senft-bef-1536x1022.jpg 1536w, https:\/\/www.benn-allende-viertel.de\/wp-content\/uploads\/sites\/8\/2023\/03\/20220705-14-54-22-Gabriele_Senft-bef-2048x1363.jpg 2048w\" sizes=\"(max-width: 299px) 100vw, 299px\" \/>&nbsp; &nbsp; &nbsp;<img decoding=\"async\" class=\" size-full wp-image-3044\" src=\"https:\/\/www.benn-allende-viertel.de\/wp-content\/uploads\/sites\/8\/2023\/03\/20220705-15-13-41-Gabriele_Senft-1fc-scaled.jpg\" alt=\"20220705 15 13 41 Gabriele Senft\" width=\"133\" height=\"200\" srcset=\"https:\/\/www.benn-allende-viertel.de\/wp-content\/uploads\/sites\/8\/2023\/03\/20220705-15-13-41-Gabriele_Senft-1fc-scaled.jpg 1704w, https:\/\/www.benn-allende-viertel.de\/wp-content\/uploads\/sites\/8\/2023\/03\/20220705-15-13-41-Gabriele_Senft-1fc-200x300.jpg 200w, https:\/\/www.benn-allende-viertel.de\/wp-content\/uploads\/sites\/8\/2023\/03\/20220705-15-13-41-Gabriele_Senft-1fc-682x1024.jpg 682w, https:\/\/www.benn-allende-viertel.de\/wp-content\/uploads\/sites\/8\/2023\/03\/20220705-15-13-41-Gabriele_Senft-1fc-768x1154.jpg 768w, https:\/\/www.benn-allende-viertel.de\/wp-content\/uploads\/sites\/8\/2023\/03\/20220705-15-13-41-Gabriele_Senft-1fc-1022x1536.jpg 1022w, https:\/\/www.benn-allende-viertel.de\/wp-content\/uploads\/sites\/8\/2023\/03\/20220705-15-13-41-Gabriele_Senft-1fc-1363x2048.jpg 1363w\" sizes=\"(max-width: 133px) 100vw, 133px\" \/>&nbsp; &nbsp;&nbsp;<img decoding=\"async\" class=\" size-full wp-image-3050\" src=\"https:\/\/www.benn-allende-viertel.de\/wp-content\/uploads\/sites\/8\/2023\/03\/20220705-16-27-37-Gabriele_Senft-581-scaled.jpg\" alt=\"20220705 16 27 37 Gabriele Senft\" width=\"301\" height=\"200\" srcset=\"https:\/\/www.benn-allende-viertel.de\/wp-content\/uploads\/sites\/8\/2023\/03\/20220705-16-27-37-Gabriele_Senft-581-scaled.jpg 2560w, https:\/\/www.benn-allende-viertel.de\/wp-content\/uploads\/sites\/8\/2023\/03\/20220705-16-27-37-Gabriele_Senft-581-300x200.jpg 300w, https:\/\/www.benn-allende-viertel.de\/wp-content\/uploads\/sites\/8\/2023\/03\/20220705-16-27-37-Gabriele_Senft-581-1024x682.jpg 1024w, https:\/\/www.benn-allende-viertel.de\/wp-content\/uploads\/sites\/8\/2023\/03\/20220705-16-27-37-Gabriele_Senft-581-768x511.jpg 768w, https:\/\/www.benn-allende-viertel.de\/wp-content\/uploads\/sites\/8\/2023\/03\/20220705-16-27-37-Gabriele_Senft-581-1536x1022.jpg 1536w, https:\/\/www.benn-allende-viertel.de\/wp-content\/uploads\/sites\/8\/2023\/03\/20220705-16-27-37-Gabriele_Senft-581-2048x1363.jpg 2048w\" sizes=\"(max-width: 301px) 100vw, 301px\" \/><\/p>\n<p><img decoding=\"async\" class=\" size-full wp-image-3056\" src=\"https:\/\/www.benn-allende-viertel.de\/wp-content\/uploads\/sites\/8\/2023\/03\/20220705-15-34-19-Gabriele_Senft-a0b-scaled.jpg\" alt=\"20220705 15 34 19 Gabriele Senft\" width=\"299\" height=\"199\" srcset=\"https:\/\/www.benn-allende-viertel.de\/wp-content\/uploads\/sites\/8\/2023\/03\/20220705-15-34-19-Gabriele_Senft-a0b-scaled.jpg 2560w, https:\/\/www.benn-allende-viertel.de\/wp-content\/uploads\/sites\/8\/2023\/03\/20220705-15-34-19-Gabriele_Senft-a0b-300x200.jpg 300w, https:\/\/www.benn-allende-viertel.de\/wp-content\/uploads\/sites\/8\/2023\/03\/20220705-15-34-19-Gabriele_Senft-a0b-1024x681.jpg 1024w, https:\/\/www.benn-allende-viertel.de\/wp-content\/uploads\/sites\/8\/2023\/03\/20220705-15-34-19-Gabriele_Senft-a0b-768x511.jpg 768w, https:\/\/www.benn-allende-viertel.de\/wp-content\/uploads\/sites\/8\/2023\/03\/20220705-15-34-19-Gabriele_Senft-a0b-1536x1022.jpg 1536w, https:\/\/www.benn-allende-viertel.de\/wp-content\/uploads\/sites\/8\/2023\/03\/20220705-15-34-19-Gabriele_Senft-a0b-2048x1363.jpg 2048w\" sizes=\"(max-width: 299px) 100vw, 299px\" \/>&nbsp; &nbsp;&nbsp;<img decoding=\"async\" class=\" size-full wp-image-3062\" src=\"https:\/\/www.benn-allende-viertel.de\/wp-content\/uploads\/sites\/8\/2023\/03\/20220705-16-52-53-Gabriele_Senft-4af-scaled.jpg\" alt=\"20220705 16 52 53 Gabriele Senft\" width=\"133\" height=\"200\" srcset=\"https:\/\/www.benn-allende-viertel.de\/wp-content\/uploads\/sites\/8\/2023\/03\/20220705-16-52-53-Gabriele_Senft-4af-scaled.jpg 1703w, https:\/\/www.benn-allende-viertel.de\/wp-content\/uploads\/sites\/8\/2023\/03\/20220705-16-52-53-Gabriele_Senft-4af-200x300.jpg 200w, https:\/\/www.benn-allende-viertel.de\/wp-content\/uploads\/sites\/8\/2023\/03\/20220705-16-52-53-Gabriele_Senft-4af-681x1024.jpg 681w, https:\/\/www.benn-allende-viertel.de\/wp-content\/uploads\/sites\/8\/2023\/03\/20220705-16-52-53-Gabriele_Senft-4af-768x1154.jpg 768w, https:\/\/www.benn-allende-viertel.de\/wp-content\/uploads\/sites\/8\/2023\/03\/20220705-16-52-53-Gabriele_Senft-4af-1022x1536.jpg 1022w, https:\/\/www.benn-allende-viertel.de\/wp-content\/uploads\/sites\/8\/2023\/03\/20220705-16-52-53-Gabriele_Senft-4af-1363x2048.jpg 1363w\" sizes=\"(max-width: 133px) 100vw, 133px\" \/>&nbsp; &nbsp; &nbsp;<img decoding=\"async\" class=\" size-full wp-image-3068\" src=\"https:\/\/www.benn-allende-viertel.de\/wp-content\/uploads\/sites\/8\/2023\/03\/20220705-14-23-06-Gabriele_Senft-537-scaled.jpg\" alt=\"20220705 14 23 06 Gabriele Senft\" width=\"301\" height=\"200\" srcset=\"https:\/\/www.benn-allende-viertel.de\/wp-content\/uploads\/sites\/8\/2023\/03\/20220705-14-23-06-Gabriele_Senft-537-scaled.jpg 2560w, https:\/\/www.benn-allende-viertel.de\/wp-content\/uploads\/sites\/8\/2023\/03\/20220705-14-23-06-Gabriele_Senft-537-300x200.jpg 300w, https:\/\/www.benn-allende-viertel.de\/wp-content\/uploads\/sites\/8\/2023\/03\/20220705-14-23-06-Gabriele_Senft-537-1024x682.jpg 1024w, https:\/\/www.benn-allende-viertel.de\/wp-content\/uploads\/sites\/8\/2023\/03\/20220705-14-23-06-Gabriele_Senft-537-768x511.jpg 768w, https:\/\/www.benn-allende-viertel.de\/wp-content\/uploads\/sites\/8\/2023\/03\/20220705-14-23-06-Gabriele_Senft-537-1536x1022.jpg 1536w, https:\/\/www.benn-allende-viertel.de\/wp-content\/uploads\/sites\/8\/2023\/03\/20220705-14-23-06-Gabriele_Senft-537-2048x1363.jpg 2048w\" sizes=\"(max-width: 301px) 100vw, 301px\" \/>&nbsp; &nbsp;&nbsp;<img decoding=\"async\" class=\" size-full wp-image-3074\" src=\"https:\/\/www.benn-allende-viertel.de\/wp-content\/uploads\/sites\/8\/2023\/03\/20220705-16-57-37-Gabriele_Senft-690-scaled.jpg\" alt=\"20220705 16 57 37 Gabriele Senft\" width=\"299\" height=\"199\" srcset=\"https:\/\/www.benn-allende-viertel.de\/wp-content\/uploads\/sites\/8\/2023\/03\/20220705-16-57-37-Gabriele_Senft-690-scaled.jpg 2560w, https:\/\/www.benn-allende-viertel.de\/wp-content\/uploads\/sites\/8\/2023\/03\/20220705-16-57-37-Gabriele_Senft-690-300x200.jpg 300w, https:\/\/www.benn-allende-viertel.de\/wp-content\/uploads\/sites\/8\/2023\/03\/20220705-16-57-37-Gabriele_Senft-690-1024x682.jpg 1024w, https:\/\/www.benn-allende-viertel.de\/wp-content\/uploads\/sites\/8\/2023\/03\/20220705-16-57-37-Gabriele_Senft-690-768x511.jpg 768w, https:\/\/www.benn-allende-viertel.de\/wp-content\/uploads\/sites\/8\/2023\/03\/20220705-16-57-37-Gabriele_Senft-690-1536x1022.jpg 1536w, https:\/\/www.benn-allende-viertel.de\/wp-content\/uploads\/sites\/8\/2023\/03\/20220705-16-57-37-Gabriele_Senft-690-2048x1363.jpg 2048w\" sizes=\"(max-width: 299px) 100vw, 299px\" \/>\u00a9&nbsp;Gabriele Senft<\/p>\n<p>&nbsp;<\/p>\n<p>&nbsp;<\/p>\n","protected":false},"excerpt":{"rendered":"<p>&nbsp; &nbsp; &nbsp;&nbsp; &nbsp; &nbsp;\u00a9&nbsp;Gabriele Senft BENN Allende-Viertel wird 5 Jahre alt! Am 5. Juli 2022 wurde das f\u00fcnfj\u00e4hrige Bestehen des BENN-B\u00fcros im Allende-Viertel mit vielen Nachbar*innen, haupt- und ehrenamtlich&hellip;<\/p>\n","protected":false},"author":41,"featured_media":2996,"comment_status":"closed","ping_status":"closed","sticky":false,"template":"","format":"standard","meta":{"_acf_changed":false,"_uag_custom_page_level_css":"","footnotes":""},"categories":[31],"tags":[],"class_list":["post-3408","post","type-post","status-publish","format-standard","has-post-thumbnail","hentry","category-31"],"acf":[],"yoast_head":"<!-- This site is optimized with the Yoast SEO plugin v27.4 - https:\/\/yoast.com\/product\/yoast-seo-wordpress\/ -->\n<title>BENN-Geburtstagsfete - BENN Allende-Viertel<\/title>\n<meta name=\"robots\" content=\"index, follow, max-snippet:-1, max-image-preview:large, max-video-preview:-1\" \/>\n<link rel=\"canonical\" href=\"https:\/\/www.benn-allende-viertel.de\/en\/3408-benn-geburtstagsfete-2-2\/\" \/>\n<meta property=\"og:locale\" content=\"en_US\" \/>\n<meta property=\"og:type\" content=\"article\" \/>\n<meta property=\"og:title\" content=\"BENN-Geburtstagsfete - BENN Allende-Viertel\" \/>\n<meta property=\"og:description\" content=\"&nbsp; &nbsp; &nbsp;&nbsp; &nbsp; &nbsp;\u00a9&nbsp;Gabriele Senft BENN Allende-Viertel wird 5 Jahre alt! Am 5. Juli 2022 wurde das f\u00fcnfj\u00e4hrige Bestehen des BENN-B\u00fcros im Allende-Viertel mit vielen Nachbar*innen, haupt- und ehrenamtlich&hellip;\" \/>\n<meta property=\"og:url\" content=\"https:\/\/www.benn-allende-viertel.de\/en\/3408-benn-geburtstagsfete-2-2\/\" \/>\n<meta property=\"og:site_name\" content=\"BENN Allende-Viertel\" \/>\n<meta property=\"article:published_time\" content=\"2023-03-21T12:22:28+00:00\" \/>\n<meta property=\"og:image\" content=\"https:\/\/www.benn-allende-viertel.de\/wp-content\/uploads\/sites\/8\/2023\/03\/20220705-14-13-07-Gabriele_Senft-6e0-scaled.jpg\" \/>\n\t<meta property=\"og:image:width\" content=\"2560\" \/>\n\t<meta property=\"og:image:height\" content=\"2059\" \/>\n\t<meta property=\"og:image:type\" content=\"image\/jpeg\" \/>\n<meta name=\"author\" content=\"BENN Allende-Viertel\" \/>\n<meta name=\"twitter:card\" content=\"summary_large_image\" \/>\n<meta name=\"twitter:label1\" content=\"Written by\" \/>\n\t<meta name=\"twitter:data1\" content=\"BENN Allende-Viertel\" \/>\n\t<meta name=\"twitter:label2\" content=\"Est. reading time\" \/>\n\t<meta name=\"twitter:data2\" content=\"1 minute\" \/>\n<script type=\"application\/ld+json\" class=\"yoast-schema-graph\">{\"@context\":\"https:\\\/\\\/schema.org\",\"@graph\":[{\"@type\":\"Article\",\"@id\":\"https:\\\/\\\/www.benn-allende-viertel.de\\\/en\\\/3408-benn-geburtstagsfete-2-2\\\/#article\",\"isPartOf\":{\"@id\":\"https:\\\/\\\/www.benn-allende-viertel.de\\\/en\\\/3408-benn-geburtstagsfete-2-2\\\/\"},\"author\":{\"name\":\"BENN Allende-Viertel\",\"@id\":\"https:\\\/\\\/www.benn-allende-viertel.de\\\/en\\\/#\\\/schema\\\/person\\\/ac75a96f44f12620ee32a01ecf1ab0f9\"},\"headline\":\"BENN-Geburtstagsfete\",\"datePublished\":\"2023-03-21T12:22:28+00:00\",\"mainEntityOfPage\":{\"@id\":\"https:\\\/\\\/www.benn-allende-viertel.de\\\/en\\\/3408-benn-geburtstagsfete-2-2\\\/\"},\"wordCount\":194,\"image\":{\"@id\":\"https:\\\/\\\/www.benn-allende-viertel.de\\\/en\\\/3408-benn-geburtstagsfete-2-2\\\/#primaryimage\"},\"thumbnailUrl\":\"https:\\\/\\\/www.benn-allende-viertel.de\\\/wp-content\\\/uploads\\\/sites\\\/8\\\/2023\\\/03\\\/20220705-14-13-07-Gabriele_Senft-6e0-scaled.jpg\",\"articleSection\":[\"Projekte 2022\"],\"inLanguage\":\"en-US\"},{\"@type\":\"WebPage\",\"@id\":\"https:\\\/\\\/www.benn-allende-viertel.de\\\/en\\\/3408-benn-geburtstagsfete-2-2\\\/\",\"url\":\"https:\\\/\\\/www.benn-allende-viertel.de\\\/en\\\/3408-benn-geburtstagsfete-2-2\\\/\",\"name\":\"BENN-Geburtstagsfete - BENN Allende-Viertel\",\"isPartOf\":{\"@id\":\"https:\\\/\\\/www.benn-allende-viertel.de\\\/en\\\/#website\"},\"primaryImageOfPage\":{\"@id\":\"https:\\\/\\\/www.benn-allende-viertel.de\\\/en\\\/3408-benn-geburtstagsfete-2-2\\\/#primaryimage\"},\"image\":{\"@id\":\"https:\\\/\\\/www.benn-allende-viertel.de\\\/en\\\/3408-benn-geburtstagsfete-2-2\\\/#primaryimage\"},\"thumbnailUrl\":\"https:\\\/\\\/www.benn-allende-viertel.de\\\/wp-content\\\/uploads\\\/sites\\\/8\\\/2023\\\/03\\\/20220705-14-13-07-Gabriele_Senft-6e0-scaled.jpg\",\"datePublished\":\"2023-03-21T12:22:28+00:00\",\"author\":{\"@id\":\"https:\\\/\\\/www.benn-allende-viertel.de\\\/en\\\/#\\\/schema\\\/person\\\/ac75a96f44f12620ee32a01ecf1ab0f9\"},\"breadcrumb\":{\"@id\":\"https:\\\/\\\/www.benn-allende-viertel.de\\\/en\\\/3408-benn-geburtstagsfete-2-2\\\/#breadcrumb\"},\"inLanguage\":\"en-US\",\"potentialAction\":[{\"@type\":\"ReadAction\",\"target\":[\"https:\\\/\\\/www.benn-allende-viertel.de\\\/en\\\/3408-benn-geburtstagsfete-2-2\\\/\"]}]},{\"@type\":\"ImageObject\",\"inLanguage\":\"en-US\",\"@id\":\"https:\\\/\\\/www.benn-allende-viertel.de\\\/en\\\/3408-benn-geburtstagsfete-2-2\\\/#primaryimage\",\"url\":\"https:\\\/\\\/www.benn-allende-viertel.de\\\/wp-content\\\/uploads\\\/sites\\\/8\\\/2023\\\/03\\\/20220705-14-13-07-Gabriele_Senft-6e0-scaled.jpg\",\"contentUrl\":\"https:\\\/\\\/www.benn-allende-viertel.de\\\/wp-content\\\/uploads\\\/sites\\\/8\\\/2023\\\/03\\\/20220705-14-13-07-Gabriele_Senft-6e0-scaled.jpg\",\"width\":2560,\"height\":2059,\"caption\":\"20220705 14 13 07 Gabriele Senft\"},{\"@type\":\"BreadcrumbList\",\"@id\":\"https:\\\/\\\/www.benn-allende-viertel.de\\\/en\\\/3408-benn-geburtstagsfete-2-2\\\/#breadcrumb\",\"itemListElement\":[{\"@type\":\"ListItem\",\"position\":1,\"name\":\"Startseite\",\"item\":\"https:\\\/\\\/www.benn-allende-viertel.de\\\/en\\\/\"},{\"@type\":\"ListItem\",\"position\":2,\"name\":\"BENN-Geburtstagsfete\"}]},{\"@type\":\"WebSite\",\"@id\":\"https:\\\/\\\/www.benn-allende-viertel.de\\\/en\\\/#website\",\"url\":\"https:\\\/\\\/www.benn-allende-viertel.de\\\/en\\\/\",\"name\":\"BENN Allende-Viertel\",\"description\":\"\",\"potentialAction\":[{\"@type\":\"SearchAction\",\"target\":{\"@type\":\"EntryPoint\",\"urlTemplate\":\"https:\\\/\\\/www.benn-allende-viertel.de\\\/en\\\/?s={search_term_string}\"},\"query-input\":{\"@type\":\"PropertyValueSpecification\",\"valueRequired\":true,\"valueName\":\"search_term_string\"}}],\"inLanguage\":\"en-US\"},{\"@type\":\"Person\",\"@id\":\"https:\\\/\\\/www.benn-allende-viertel.de\\\/en\\\/#\\\/schema\\\/person\\\/ac75a96f44f12620ee32a01ecf1ab0f9\",\"name\":\"BENN Allende-Viertel\",\"url\":\"https:\\\/\\\/www.benn-allende-viertel.de\\\/en\\\/author\\\/bennallendeviertel\\\/\"}]}<\/script>\n<!-- \/ Yoast SEO plugin. -->","yoast_head_json":{"title":"BENN-Geburtstagsfete - BENN Allende-Viertel","robots":{"index":"index","follow":"follow","max-snippet":"max-snippet:-1","max-image-preview":"max-image-preview:large","max-video-preview":"max-video-preview:-1"},"canonical":"https:\/\/www.benn-allende-viertel.de\/en\/3408-benn-geburtstagsfete-2-2\/","og_locale":"en_US","og_type":"article","og_title":"BENN-Geburtstagsfete - BENN Allende-Viertel","og_description":"&nbsp; &nbsp; &nbsp;&nbsp; &nbsp; &nbsp;\u00a9&nbsp;Gabriele Senft BENN Allende-Viertel wird 5 Jahre alt! Am 5. Juli 2022 wurde das f\u00fcnfj\u00e4hrige Bestehen des BENN-B\u00fcros im Allende-Viertel mit vielen Nachbar*innen, haupt- und ehrenamtlich&hellip;","og_url":"https:\/\/www.benn-allende-viertel.de\/en\/3408-benn-geburtstagsfete-2-2\/","og_site_name":"BENN Allende-Viertel","article_published_time":"2023-03-21T12:22:28+00:00","og_image":[{"width":2560,"height":2059,"url":"https:\/\/www.benn-allende-viertel.de\/wp-content\/uploads\/sites\/8\/2023\/03\/20220705-14-13-07-Gabriele_Senft-6e0-scaled.jpg","type":"image\/jpeg"}],"author":"BENN Allende-Viertel","twitter_card":"summary_large_image","twitter_misc":{"Written by":"BENN Allende-Viertel","Est. reading time":"1 minute"},"schema":{"@context":"https:\/\/schema.org","@graph":[{"@type":"Article","@id":"https:\/\/www.benn-allende-viertel.de\/en\/3408-benn-geburtstagsfete-2-2\/#article","isPartOf":{"@id":"https:\/\/www.benn-allende-viertel.de\/en\/3408-benn-geburtstagsfete-2-2\/"},"author":{"name":"BENN Allende-Viertel","@id":"https:\/\/www.benn-allende-viertel.de\/en\/#\/schema\/person\/ac75a96f44f12620ee32a01ecf1ab0f9"},"headline":"BENN-Geburtstagsfete","datePublished":"2023-03-21T12:22:28+00:00","mainEntityOfPage":{"@id":"https:\/\/www.benn-allende-viertel.de\/en\/3408-benn-geburtstagsfete-2-2\/"},"wordCount":194,"image":{"@id":"https:\/\/www.benn-allende-viertel.de\/en\/3408-benn-geburtstagsfete-2-2\/#primaryimage"},"thumbnailUrl":"https:\/\/www.benn-allende-viertel.de\/wp-content\/uploads\/sites\/8\/2023\/03\/20220705-14-13-07-Gabriele_Senft-6e0-scaled.jpg","articleSection":["Projekte 2022"],"inLanguage":"en-US"},{"@type":"WebPage","@id":"https:\/\/www.benn-allende-viertel.de\/en\/3408-benn-geburtstagsfete-2-2\/","url":"https:\/\/www.benn-allende-viertel.de\/en\/3408-benn-geburtstagsfete-2-2\/","name":"BENN-Geburtstagsfete - BENN Allende-Viertel","isPartOf":{"@id":"https:\/\/www.benn-allende-viertel.de\/en\/#website"},"primaryImageOfPage":{"@id":"https:\/\/www.benn-allende-viertel.de\/en\/3408-benn-geburtstagsfete-2-2\/#primaryimage"},"image":{"@id":"https:\/\/www.benn-allende-viertel.de\/en\/3408-benn-geburtstagsfete-2-2\/#primaryimage"},"thumbnailUrl":"https:\/\/www.benn-allende-viertel.de\/wp-content\/uploads\/sites\/8\/2023\/03\/20220705-14-13-07-Gabriele_Senft-6e0-scaled.jpg","datePublished":"2023-03-21T12:22:28+00:00","author":{"@id":"https:\/\/www.benn-allende-viertel.de\/en\/#\/schema\/person\/ac75a96f44f12620ee32a01ecf1ab0f9"},"breadcrumb":{"@id":"https:\/\/www.benn-allende-viertel.de\/en\/3408-benn-geburtstagsfete-2-2\/#breadcrumb"},"inLanguage":"en-US","potentialAction":[{"@type":"ReadAction","target":["https:\/\/www.benn-allende-viertel.de\/en\/3408-benn-geburtstagsfete-2-2\/"]}]},{"@type":"ImageObject","inLanguage":"en-US","@id":"https:\/\/www.benn-allende-viertel.de\/en\/3408-benn-geburtstagsfete-2-2\/#primaryimage","url":"https:\/\/www.benn-allende-viertel.de\/wp-content\/uploads\/sites\/8\/2023\/03\/20220705-14-13-07-Gabriele_Senft-6e0-scaled.jpg","contentUrl":"https:\/\/www.benn-allende-viertel.de\/wp-content\/uploads\/sites\/8\/2023\/03\/20220705-14-13-07-Gabriele_Senft-6e0-scaled.jpg","width":2560,"height":2059,"caption":"20220705 14 13 07 Gabriele Senft"},{"@type":"BreadcrumbList","@id":"https:\/\/www.benn-allende-viertel.de\/en\/3408-benn-geburtstagsfete-2-2\/#breadcrumb","itemListElement":[{"@type":"ListItem","position":1,"name":"Startseite","item":"https:\/\/www.benn-allende-viertel.de\/en\/"},{"@type":"ListItem","position":2,"name":"BENN-Geburtstagsfete"}]},{"@type":"WebSite","@id":"https:\/\/www.benn-allende-viertel.de\/en\/#website","url":"https:\/\/www.benn-allende-viertel.de\/en\/","name":"BENN Allende-Viertel","description":"","potentialAction":[{"@type":"SearchAction","target":{"@type":"EntryPoint","urlTemplate":"https:\/\/www.benn-allende-viertel.de\/en\/?s={search_term_string}"},"query-input":{"@type":"PropertyValueSpecification","valueRequired":true,"valueName":"search_term_string"}}],"inLanguage":"en-US"},{"@type":"Person","@id":"https:\/\/www.benn-allende-viertel.de\/en\/#\/schema\/person\/ac75a96f44f12620ee32a01ecf1ab0f9","name":"BENN Allende-Viertel","url":"https:\/\/www.benn-allende-viertel.de\/en\/author\/bennallendeviertel\/"}]}},"spectra_custom_meta":{"_thumbnail_id":["2996"],"_fgj2wp_old_id":["743"],"_fgj2wp_translation_association_key":["fd758845e8b8383b21b539c8c068188d"],"_uag_css_file_name":["uag-css-3408.css"]},"uagb_featured_image_src":{"full":["https:\/\/www.benn-allende-viertel.de\/wp-content\/uploads\/sites\/8\/2023\/03\/20220705-14-13-07-Gabriele_Senft-6e0-scaled.jpg",2560,2059,false],"thumbnail":["https:\/\/www.benn-allende-viertel.de\/wp-content\/uploads\/sites\/8\/2023\/03\/20220705-14-13-07-Gabriele_Senft-6e0-150x150.jpg",150,150,true],"medium":["https:\/\/www.benn-allende-viertel.de\/wp-content\/uploads\/sites\/8\/2023\/03\/20220705-14-13-07-Gabriele_Senft-6e0-300x241.jpg",300,241,true],"medium_large":["https:\/\/www.benn-allende-viertel.de\/wp-content\/uploads\/sites\/8\/2023\/03\/20220705-14-13-07-Gabriele_Senft-6e0-768x618.jpg",768,618,true],"large":["https:\/\/www.benn-allende-viertel.de\/wp-content\/uploads\/sites\/8\/2023\/03\/20220705-14-13-07-Gabriele_Senft-6e0-1024x824.jpg",1024,824,true],"1536x1536":["https:\/\/www.benn-allende-viertel.de\/wp-content\/uploads\/sites\/8\/2023\/03\/20220705-14-13-07-Gabriele_Senft-6e0-1536x1236.jpg",1536,1236,true],"2048x2048":["https:\/\/www.benn-allende-viertel.de\/wp-content\/uploads\/sites\/8\/2023\/03\/20220705-14-13-07-Gabriele_Senft-6e0-2048x1648.jpg",2048,1648,true],"gform-image-choice-sm":["https:\/\/www.benn-allende-viertel.de\/wp-content\/uploads\/sites\/8\/2023\/03\/20220705-14-13-07-Gabriele_Senft-6e0-scaled.jpg",300,241,false],"gform-image-choice-md":["https:\/\/www.benn-allende-viertel.de\/wp-content\/uploads\/sites\/8\/2023\/03\/20220705-14-13-07-Gabriele_Senft-6e0-scaled.jpg",400,322,false],"gform-image-choice-lg":["https:\/\/www.benn-allende-viertel.de\/wp-content\/uploads\/sites\/8\/2023\/03\/20220705-14-13-07-Gabriele_Senft-6e0-scaled.jpg",600,483,false]},"uagb_author_info":{"display_name":"BENN Allende-Viertel","author_link":"https:\/\/www.benn-allende-viertel.de\/en\/author\/bennallendeviertel\/"},"uagb_comment_info":0,"uagb_excerpt":"&nbsp; &nbsp; &nbsp;&nbsp; &nbsp; &nbsp;\u00a9&nbsp;Gabriele Senft BENN Allende-Viertel wird 5 Jahre alt! Am 5. Juli 2022 wurde das f\u00fcnfj\u00e4hrige Bestehen des BENN-B\u00fcros im Allende-Viertel mit vielen Nachbar*innen, haupt- und ehrenamtlich&hellip;","publishpress_future_action":{"enabled":false,"date":"2026-05-08 14:08:25","action":"change-status","newStatus":"draft","terms":[],"taxonomy":"category","extraData":[]},"publishpress_future_workflow_manual_trigger":{"enabledWorkflows":[]},"_links":{"self":[{"href":"https:\/\/www.benn-allende-viertel.de\/en\/wp-json\/wp\/v2\/posts\/3408","targetHints":{"allow":["GET"]}}],"collection":[{"href":"https:\/\/www.benn-allende-viertel.de\/en\/wp-json\/wp\/v2\/posts"}],"about":[{"href":"https:\/\/www.benn-allende-viertel.de\/en\/wp-json\/wp\/v2\/types\/post"}],"author":[{"embeddable":true,"href":"https:\/\/www.benn-allende-viertel.de\/en\/wp-json\/wp\/v2\/users\/41"}],"replies":[{"embeddable":true,"href":"https:\/\/www.benn-allende-viertel.de\/en\/wp-json\/wp\/v2\/comments?post=3408"}],"version-history":[{"count":0,"href":"https:\/\/www.benn-allende-viertel.de\/en\/wp-json\/wp\/v2\/posts\/3408\/revisions"}],"wp:featuredmedia":[{"embeddable":true,"href":"https:\/\/www.benn-allende-viertel.de\/en\/wp-json\/wp\/v2\/media\/2996"}],"wp:attachment":[{"href":"https:\/\/www.benn-allende-viertel.de\/en\/wp-json\/wp\/v2\/media?parent=3408"}],"wp:term":[{"taxonomy":"category","embeddable":true,"href":"https:\/\/www.benn-allende-viertel.de\/en\/wp-json\/wp\/v2\/categories?post=3408"},{"taxonomy":"post_tag","embeddable":true,"href":"https:\/\/www.benn-allende-viertel.de\/en\/wp-json\/wp\/v2\/tags?post=3408"}],"curies":[{"name":"wp","href":"https:\/\/api.w.org\/{rel}","templated":true}]}}