{"id":3523,"date":"2022-12-08T10:19:07","date_gmt":"2022-12-08T09:19:07","guid":{"rendered":"https:\/\/multisite.list-gmbh.de\/benn-allende-viertel\/3523-soziale-einrichtungen-5\/"},"modified":"2024-05-24T16:20:06","modified_gmt":"2024-05-24T14:20:06","slug":"soziale-einrichtungen-5","status":"publish","type":"post","link":"https:\/\/www.benn-allende-viertel.de\/ar\/3523-soziale-einrichtungen-5\/","title":{"rendered":"\u0627\u0644\u0645\u064f\u0624\u0633\u0633\u0627\u062a \u0627\u0644\u0627\u062c\u062a\u0645\u0627\u0639\u064a\u0629"},"content":{"rendered":"<p style=\"text-align: right;\"><span style=\"font-size: 18pt;\"><strong><a href=\"https:\/\/www.benn-allende-viertel.de\/605-uebergangswohnheim-alfred-randt-strasse\/\">Gemeinschaftsunterkunft Alfred-Randt-Stra\u00dfe<\/a>&nbsp;\/\/&nbsp;<\/strong><br \/><\/span><\/p>\n<p style=\"text-align: right;\"><span style=\"font-size: 24pt;\"><strong>\u0627\u0644\u0633\u0643\u0646 \u0627\u0644\u0645\u0634\u062a\u0631\u0643 <\/strong><\/span><\/p>\n<p style=\"text-align: right;\"><span style=\"font-size: 18pt;\">Alfred-Randt-Stra\u00dfe 19-21<\/span><\/p>\n<p style=\"text-align: right;\"><span style=\"font-size: 18pt;\">12559 Berlin<\/span><\/p>\n<p style=\"text-align: right;\"><span class=\"ui-provider vi b c d e f g h i j k l m n o p q r s t u v w x y z ab ac ae af ag ah ai aj ak\" dir=\"ltr\" style=\"font-size: 18pt;\">030 509306946<\/span><\/p>\n<p style=\"text-align: right;\"><span class=\"ui-provider vi b c d e f g h i j k l m n o p q r s t u v w x y z ab ac ae af ag ah ai aj ak\" dir=\"ltr\" style=\"font-size: 18pt;\"><a href=\"mailto:standortleitung.guar@tamaja-gu.de\">standortleitung.guar@tamaja-gu.de<\/a><\/span><\/p>\n<p style=\"text-align: right;\">&nbsp;<\/p>\n<p style=\"text-align: right;\"><strong><a href=\"https:\/\/www.stephanus.org\/stiftung\/tochtergesellschaften\/stephanus-ggmbh\/wohnen-und-pflege\/haus-mueggelspree\/startseite\/\"><span style=\"font-size: 18pt;\">Haus M\u00fcggelspree<\/span><\/a><\/strong><\/p>\n<p style=\"text-align: right;\"><span style=\"font-size: 18pt;\">Am Schlo\u00dfberg 1<\/span><\/p>\n<p style=\"text-align: right;\"><span style=\"font-size: 18pt;\">12559 Berlin<\/span><\/p>\n<p style=\"text-align: right;\"><span style=\"font-size: 18pt;\">030 34 35 41 10<\/span><\/p>\n<p style=\"text-align: right;\">&nbsp;<\/p>\n<p style=\"text-align: right;\"><strong><a href=\"https:\/\/www.stephanus.org\/stiftung\/tochtergesellschaften\/stephanus-ggmbh\/wohnen-und-pflege\/haus-zur-bruecke\/startseite\/\"><span style=\"font-size: 18pt;\">Haus zur Br\u00fccke<\/span><\/a><\/strong><\/p>\n<p style=\"text-align: right;\"><span style=\"font-size: 18pt;\">Wendenschlo\u00dfstra\u00dfe 35<\/span><\/p>\n<p style=\"text-align: right;\"><span style=\"font-size: 18pt;\">12559 Berlin<\/span><\/p>\n<p style=\"text-align: right;\"><span style=\"font-size: 18pt;\">030 65 48 48 0<\/span><\/p>\n<p style=\"text-align: right;\">&nbsp;<\/p>\n<p style=\"text-align: right;\"><strong><a href=\"https:\/\/www.berlin.de\/ba-treptow-koepenick\/politik-und-verwaltung\/aemter\/gesundheitsamt\/artikel.29082.php\"><span style=\"font-size: 18pt;\">Kinder- und Jugendgesundheitsdienst<\/span><\/a><span style=\"font-size: 18pt;\">&nbsp;\/\/&nbsp;<\/span><\/strong><\/p>\n<p style=\"text-align: right;\"><span style=\"font-size: 24pt;\"><a href=\"https:\/\/www.berlin.de\/ba-treptow-koepenick\/politik-und-verwaltung\/aemter\/gesundheitsamt\/artikel.29082.php\"><strong>\u0627\u0644\u062e\u062f\u0645\u0629 \u0627\u0644\u0635\u062d\u064a\u0629 \u0644\u0644\u0623\u0637\u0641\u0627\u0644 \u0648\u0627\u0644\u0634\u0628\u0627\u0628<\/strong><\/a><\/span><\/p>\n<p style=\"text-align: right;\"><span style=\"font-size: 18pt;\">Salvador-Allende-Stra\u00dfe 80a<\/span><\/p>\n<p style=\"text-align: right;\"><span style=\"font-size: 18pt;\">12559 Berlin<\/span><\/p>\n<p style=\"text-align: right;\"><span style=\"font-size: 18pt;\">030 902 973 781<\/span><\/p>\n<p style=\"text-align: right;\"><span style=\"font-size: 18pt;\">Gesundheitsamt.KJGD.Koepenick@ba-tk.berlin.de<\/span><\/p>\n<p style=\"text-align: right;\">&nbsp;<\/p>\n<p style=\"text-align: right;\"><strong><a href=\"https:\/\/www.benn-allende-viertel.de\/612-unterkunft-allende-i\/\"><span style=\"font-size: 18pt;\">MUF Salvador-Allende-Stra\u00dfe<\/span><\/a><span style=\"font-size: 18pt;\">&nbsp;\/\/&nbsp;<\/span><\/strong><\/p>\n<p style=\"text-align: right;\"><span style=\"font-size: 24pt;\"><strong>\u0627\u0644\u0633\u0643\u0646 \u0627\u0644\u0645\u0634\u062a\u0631\u0643<\/strong><\/span><\/p>\n<p style=\"text-align: right;\"><span style=\"font-size: 18pt;\">Salvador-Allende-Stra\u00dfe 89-91<\/span><\/p>\n<p style=\"text-align: right;\"><span style=\"font-size: 18pt;\">12559 Berlin<\/span><\/p>\n<p style=\"text-align: right;\"><span style=\"font-size: 18pt;\">030 403 66 1240<\/span><\/p>\n<p style=\"text-align: right;\">&nbsp;<\/p>\n<p style=\"text-align: right;\"><strong><a href=\"https:\/\/www.berlin.de\/ba-treptow-koepenick\/politik-und-verwaltung\/aemter\/jugendamt\/ueber-uns\/artikel.108972.php\"><span style=\"font-size: 18pt;\">Regionaler Sozialer Dienst (RSD)<\/span><\/a>&nbsp;<\/strong><\/p>\n<p style=\"text-align: right;\"><span style=\"font-size: 18pt;\">Hans-Schmidt-Stra\u00dfe 10<\/span><\/p>\n<p style=\"text-align: right;\"><span style=\"font-size: 18pt;\">12489 Berlin<\/span><\/p>\n<p style=\"text-align: right;\"><span style=\"font-size: 18pt;\">030 90297 5202<\/span><\/p>\n<p style=\"text-align: right;\">&nbsp;<\/p>\n<p style=\"text-align: right;\"><strong><a href=\"https:\/\/www.berliner-stadtmission.de\/sh-mueggel\"><span style=\"font-size: 18pt;\">Seniorenheim M\u00fcggelschl\u00f6\u00dfchenweg<\/span><\/a>&nbsp;<span style=\"font-size: 18pt;\">\/\/&nbsp;<\/span><\/strong><\/p>\n<p style=\"text-align: right;\"><span style=\"font-size: 24pt;\"><strong>\u062f\u0627\u0631 \u0627\u0644\u0645\u062a\u0642\u0627\u0639\u062f\u064a\u0646 &nbsp;<\/strong><\/span><\/p>\n<p style=\"text-align: right;\"><span style=\"font-size: 18pt;\">M\u00fcgelschl\u00f6\u00dfchenweg 46<\/span><\/p>\n<p style=\"text-align: right;\"><span style=\"font-size: 18pt;\">12559 Berlin<\/span><\/p>\n<p style=\"text-align: right;\"><span style=\"font-size: 18pt;\">030 65 48 45 0<\/span><\/p>\n<p style=\"text-align: right;\">&nbsp;<\/p>\n<p style=\"text-align: right;\"><strong><a href=\"https:\/\/bethelnet.de\/seniorenwohnungen\/seniorenzentrum-berlin-koepenick\/\"><span style=\"font-size: 18pt;\">Seniorenzentrum Bethel K\u00f6penick<\/span><\/a><span style=\"font-size: 18pt;\">&nbsp;\/\/&nbsp;<\/span><\/strong><\/p>\n<p style=\"text-align: right;\"><span style=\"font-size: 24pt;\"><strong>\u0645\u0631\u0643\u0632 \u0643\u0628\u0627\u0631 \u0627\u0644\u0633\u0646 <\/strong><\/span><\/p>\n<p style=\"text-align: right;\"><span style=\"font-size: 18pt;\">Alfred-Randt-Stra\u00dfe 23<\/span><\/p>\n<p style=\"text-align: right;\"><span style=\"font-size: 18pt;\">12559 Berlin<\/span><\/p>\n<p style=\"text-align: right;\"><span style=\"font-size: 18pt;\">030 65 89 50<\/span><\/p>\n<p>&nbsp;<\/p>\n<p><a href=\"https:\/\/www.benn-allende-viertel.de\/wp-content\/uploads\/sites\/8\/2017\/12\/502179_ak_220421_Kiezmap_2mm_KA-komprimiert-ff6.pdf\"><img decoding=\"async\" class=\" size-full wp-image-2620\" src=\"https:\/\/www.benn-allende-viertel.de\/wp-content\/uploads\/sites\/8\/2022\/12\/220401_Kiezmap_Korr-Ansicht2-2ba-scaled.jpg\" alt=\"220401 Kiezmap Korr Ansicht2\" width=\"1500\" height=\"1060\" srcset=\"https:\/\/www.benn-allende-viertel.de\/wp-content\/uploads\/sites\/8\/2022\/12\/220401_Kiezmap_Korr-Ansicht2-2ba-scaled.jpg 2560w, https:\/\/www.benn-allende-viertel.de\/wp-content\/uploads\/sites\/8\/2022\/12\/220401_Kiezmap_Korr-Ansicht2-2ba-300x212.jpg 300w, https:\/\/www.benn-allende-viertel.de\/wp-content\/uploads\/sites\/8\/2022\/12\/220401_Kiezmap_Korr-Ansicht2-2ba-1024x724.jpg 1024w, https:\/\/www.benn-allende-viertel.de\/wp-content\/uploads\/sites\/8\/2022\/12\/220401_Kiezmap_Korr-Ansicht2-2ba-768x543.jpg 768w, https:\/\/www.benn-allende-viertel.de\/wp-content\/uploads\/sites\/8\/2022\/12\/220401_Kiezmap_Korr-Ansicht2-2ba-1536x1086.jpg 1536w, https:\/\/www.benn-allende-viertel.de\/wp-content\/uploads\/sites\/8\/2022\/12\/220401_Kiezmap_Korr-Ansicht2-2ba-2048x1448.jpg 2048w\" sizes=\"(max-width: 1500px) 100vw, 1500px\" \/><\/a><\/p>\n<p style=\"text-align: right;\"><span style=\"font-size: 24pt;\"><strong>!\u062a\u062a\u0648\u0641\u0631 \u062e\u0631\u064a\u0637\u0629 \u0627\u0644\u062d\u064a \u0644\u062f\u064a\u0646\u0627 \u0623\u064a\u0636\u064b\u0627 \u0641\u064a \u0645\u0643\u062a\u0628\u0646\u0627<\/strong><\/span><\/p>\n","protected":false},"excerpt":{"rendered":"<p>Gemeinschaftsunterkunft Alfred-Randt-Stra\u00dfe&nbsp;\/\/&nbsp; \u0627\u0644\u0633\u0643\u0646 \u0627\u0644\u0645\u0634\u062a\u0631\u0643 Alfred-Randt-Stra\u00dfe 19-21 12559 Berlin 030 509306946 standortleitung.guar@tamaja-gu.de &nbsp; Haus M\u00fcggelspree Am Schlo\u00dfberg 1 12559 Berlin 030 34 35 41 10 &nbsp; Haus zur Br\u00fccke Wendenschlo\u00dfstra\u00dfe 35&hellip;<\/p>\n","protected":false},"author":41,"featured_media":2620,"comment_status":"closed","ping_status":"closed","sticky":false,"template":"","format":"standard","meta":{"_acf_changed":false,"_uag_custom_page_level_css":"","footnotes":""},"categories":[45],"tags":[],"class_list":["post-3523","post","type-post","status-publish","format-standard","has-post-thumbnail","hentry","category-aktive-im-kiez"],"acf":[],"yoast_head":"<!-- This site is optimized with the Yoast SEO plugin v27.4 - https:\/\/yoast.com\/product\/yoast-seo-wordpress\/ -->\n<title>\u0627\u0644\u0645\u064f\u0624\u0633\u0633\u0627\u062a \u0627\u0644\u0627\u062c\u062a\u0645\u0627\u0639\u064a\u0629 - BENN Allende-Viertel<\/title>\n<meta name=\"robots\" content=\"index, follow, max-snippet:-1, max-image-preview:large, max-video-preview:-1\" \/>\n<link rel=\"canonical\" href=\"https:\/\/www.benn-allende-viertel.de\/ar\/3523-soziale-einrichtungen-5\/\" \/>\n<meta property=\"og:locale\" content=\"ar_AR\" \/>\n<meta property=\"og:type\" content=\"article\" \/>\n<meta property=\"og:title\" content=\"\u0627\u0644\u0645\u064f\u0624\u0633\u0633\u0627\u062a \u0627\u0644\u0627\u062c\u062a\u0645\u0627\u0639\u064a\u0629 - BENN Allende-Viertel\" \/>\n<meta property=\"og:description\" content=\"Gemeinschaftsunterkunft Alfred-Randt-Stra\u00dfe&nbsp;\/\/&nbsp; \u0627\u0644\u0633\u0643\u0646 \u0627\u0644\u0645\u0634\u062a\u0631\u0643 Alfred-Randt-Stra\u00dfe 19-21 12559 Berlin 030 509306946 standortleitung.guar@tamaja-gu.de &nbsp; Haus M\u00fcggelspree Am Schlo\u00dfberg 1 12559 Berlin 030 34 35 41 10 &nbsp; Haus zur Br\u00fccke Wendenschlo\u00dfstra\u00dfe 35&hellip;\" \/>\n<meta property=\"og:url\" content=\"https:\/\/www.benn-allende-viertel.de\/ar\/3523-soziale-einrichtungen-5\/\" \/>\n<meta property=\"og:site_name\" content=\"BENN Allende-Viertel\" \/>\n<meta property=\"article:published_time\" content=\"2022-12-08T09:19:07+00:00\" \/>\n<meta property=\"article:modified_time\" content=\"2024-05-24T14:20:06+00:00\" \/>\n<meta property=\"og:image\" content=\"https:\/\/www.benn-allende-viertel.de\/wp-content\/uploads\/sites\/8\/2022\/12\/220401_Kiezmap_Korr-Ansicht2-2ba-scaled.jpg\" \/>\n\t<meta property=\"og:image:width\" content=\"2560\" \/>\n\t<meta property=\"og:image:height\" content=\"1810\" \/>\n\t<meta property=\"og:image:type\" content=\"image\/jpeg\" \/>\n<meta name=\"author\" content=\"BENN Allende-Viertel\" \/>\n<meta name=\"twitter:card\" content=\"summary_large_image\" \/>\n<meta name=\"twitter:label1\" content=\"\u0643\u064f\u062a\u0628 \u0628\u0648\u0627\u0633\u0637\u0629\" \/>\n\t<meta name=\"twitter:data1\" content=\"BENN Allende-Viertel\" \/>\n<script type=\"application\/ld+json\" class=\"yoast-schema-graph\">{\"@context\":\"https:\\\/\\\/schema.org\",\"@graph\":[{\"@type\":\"Article\",\"@id\":\"https:\\\/\\\/www.benn-allende-viertel.de\\\/ar\\\/3523-soziale-einrichtungen-5\\\/#article\",\"isPartOf\":{\"@id\":\"https:\\\/\\\/www.benn-allende-viertel.de\\\/ar\\\/3523-soziale-einrichtungen-5\\\/\"},\"author\":{\"name\":\"BENN Allende-Viertel\",\"@id\":\"https:\\\/\\\/www.benn-allende-viertel.de\\\/ar\\\/#\\\/schema\\\/person\\\/ac75a96f44f12620ee32a01ecf1ab0f9\"},\"headline\":\"\u0627\u0644\u0645\u064f\u0624\u0633\u0633\u0627\u062a \u0627\u0644\u0627\u062c\u062a\u0645\u0627\u0639\u064a\u0629\",\"datePublished\":\"2022-12-08T09:19:07+00:00\",\"dateModified\":\"2024-05-24T14:20:06+00:00\",\"mainEntityOfPage\":{\"@id\":\"https:\\\/\\\/www.benn-allende-viertel.de\\\/ar\\\/3523-soziale-einrichtungen-5\\\/\"},\"wordCount\":88,\"image\":{\"@id\":\"https:\\\/\\\/www.benn-allende-viertel.de\\\/ar\\\/3523-soziale-einrichtungen-5\\\/#primaryimage\"},\"thumbnailUrl\":\"https:\\\/\\\/www.benn-allende-viertel.de\\\/wp-content\\\/uploads\\\/sites\\\/8\\\/2022\\\/12\\\/220401_Kiezmap_Korr-Ansicht2-2ba-scaled.jpg\",\"articleSection\":[\"Aktive im Kiez\"],\"inLanguage\":\"ar\"},{\"@type\":\"WebPage\",\"@id\":\"https:\\\/\\\/www.benn-allende-viertel.de\\\/ar\\\/3523-soziale-einrichtungen-5\\\/\",\"url\":\"https:\\\/\\\/www.benn-allende-viertel.de\\\/ar\\\/3523-soziale-einrichtungen-5\\\/\",\"name\":\"\u0627\u0644\u0645\u064f\u0624\u0633\u0633\u0627\u062a \u0627\u0644\u0627\u062c\u062a\u0645\u0627\u0639\u064a\u0629 - BENN Allende-Viertel\",\"isPartOf\":{\"@id\":\"https:\\\/\\\/www.benn-allende-viertel.de\\\/ar\\\/#website\"},\"primaryImageOfPage\":{\"@id\":\"https:\\\/\\\/www.benn-allende-viertel.de\\\/ar\\\/3523-soziale-einrichtungen-5\\\/#primaryimage\"},\"image\":{\"@id\":\"https:\\\/\\\/www.benn-allende-viertel.de\\\/ar\\\/3523-soziale-einrichtungen-5\\\/#primaryimage\"},\"thumbnailUrl\":\"https:\\\/\\\/www.benn-allende-viertel.de\\\/wp-content\\\/uploads\\\/sites\\\/8\\\/2022\\\/12\\\/220401_Kiezmap_Korr-Ansicht2-2ba-scaled.jpg\",\"datePublished\":\"2022-12-08T09:19:07+00:00\",\"dateModified\":\"2024-05-24T14:20:06+00:00\",\"author\":{\"@id\":\"https:\\\/\\\/www.benn-allende-viertel.de\\\/ar\\\/#\\\/schema\\\/person\\\/ac75a96f44f12620ee32a01ecf1ab0f9\"},\"breadcrumb\":{\"@id\":\"https:\\\/\\\/www.benn-allende-viertel.de\\\/ar\\\/3523-soziale-einrichtungen-5\\\/#breadcrumb\"},\"inLanguage\":\"ar\",\"potentialAction\":[{\"@type\":\"ReadAction\",\"target\":[\"https:\\\/\\\/www.benn-allende-viertel.de\\\/ar\\\/3523-soziale-einrichtungen-5\\\/\"]}]},{\"@type\":\"ImageObject\",\"inLanguage\":\"ar\",\"@id\":\"https:\\\/\\\/www.benn-allende-viertel.de\\\/ar\\\/3523-soziale-einrichtungen-5\\\/#primaryimage\",\"url\":\"https:\\\/\\\/www.benn-allende-viertel.de\\\/wp-content\\\/uploads\\\/sites\\\/8\\\/2022\\\/12\\\/220401_Kiezmap_Korr-Ansicht2-2ba-scaled.jpg\",\"contentUrl\":\"https:\\\/\\\/www.benn-allende-viertel.de\\\/wp-content\\\/uploads\\\/sites\\\/8\\\/2022\\\/12\\\/220401_Kiezmap_Korr-Ansicht2-2ba-scaled.jpg\",\"width\":2560,\"height\":1810},{\"@type\":\"BreadcrumbList\",\"@id\":\"https:\\\/\\\/www.benn-allende-viertel.de\\\/ar\\\/3523-soziale-einrichtungen-5\\\/#breadcrumb\",\"itemListElement\":[{\"@type\":\"ListItem\",\"position\":1,\"name\":\"Startseite\",\"item\":\"https:\\\/\\\/www.benn-allende-viertel.de\\\/ar\\\/\"},{\"@type\":\"ListItem\",\"position\":2,\"name\":\"\u0627\u0644\u0645\u064f\u0624\u0633\u0633\u0627\u062a \u0627\u0644\u0627\u062c\u062a\u0645\u0627\u0639\u064a\u0629\"}]},{\"@type\":\"WebSite\",\"@id\":\"https:\\\/\\\/www.benn-allende-viertel.de\\\/ar\\\/#website\",\"url\":\"https:\\\/\\\/www.benn-allende-viertel.de\\\/ar\\\/\",\"name\":\"BENN Allende-Viertel\",\"description\":\"\",\"potentialAction\":[{\"@type\":\"SearchAction\",\"target\":{\"@type\":\"EntryPoint\",\"urlTemplate\":\"https:\\\/\\\/www.benn-allende-viertel.de\\\/ar\\\/?s={search_term_string}\"},\"query-input\":{\"@type\":\"PropertyValueSpecification\",\"valueRequired\":true,\"valueName\":\"search_term_string\"}}],\"inLanguage\":\"ar\"},{\"@type\":\"Person\",\"@id\":\"https:\\\/\\\/www.benn-allende-viertel.de\\\/ar\\\/#\\\/schema\\\/person\\\/ac75a96f44f12620ee32a01ecf1ab0f9\",\"name\":\"BENN Allende-Viertel\",\"url\":\"https:\\\/\\\/www.benn-allende-viertel.de\\\/ar\\\/author\\\/bennallendeviertel\\\/\"}]}<\/script>\n<!-- \/ Yoast SEO plugin. -->","yoast_head_json":{"title":"\u0627\u0644\u0645\u064f\u0624\u0633\u0633\u0627\u062a \u0627\u0644\u0627\u062c\u062a\u0645\u0627\u0639\u064a\u0629 - BENN Allende-Viertel","robots":{"index":"index","follow":"follow","max-snippet":"max-snippet:-1","max-image-preview":"max-image-preview:large","max-video-preview":"max-video-preview:-1"},"canonical":"https:\/\/www.benn-allende-viertel.de\/ar\/3523-soziale-einrichtungen-5\/","og_locale":"ar_AR","og_type":"article","og_title":"\u0627\u0644\u0645\u064f\u0624\u0633\u0633\u0627\u062a \u0627\u0644\u0627\u062c\u062a\u0645\u0627\u0639\u064a\u0629 - BENN Allende-Viertel","og_description":"Gemeinschaftsunterkunft Alfred-Randt-Stra\u00dfe&nbsp;\/\/&nbsp; \u0627\u0644\u0633\u0643\u0646 \u0627\u0644\u0645\u0634\u062a\u0631\u0643 Alfred-Randt-Stra\u00dfe 19-21 12559 Berlin 030 509306946 standortleitung.guar@tamaja-gu.de &nbsp; Haus M\u00fcggelspree Am Schlo\u00dfberg 1 12559 Berlin 030 34 35 41 10 &nbsp; Haus zur Br\u00fccke Wendenschlo\u00dfstra\u00dfe 35&hellip;","og_url":"https:\/\/www.benn-allende-viertel.de\/ar\/3523-soziale-einrichtungen-5\/","og_site_name":"BENN Allende-Viertel","article_published_time":"2022-12-08T09:19:07+00:00","article_modified_time":"2024-05-24T14:20:06+00:00","og_image":[{"width":2560,"height":1810,"url":"https:\/\/www.benn-allende-viertel.de\/wp-content\/uploads\/sites\/8\/2022\/12\/220401_Kiezmap_Korr-Ansicht2-2ba-scaled.jpg","type":"image\/jpeg"}],"author":"BENN Allende-Viertel","twitter_card":"summary_large_image","twitter_misc":{"\u0643\u064f\u062a\u0628 \u0628\u0648\u0627\u0633\u0637\u0629":"BENN Allende-Viertel"},"schema":{"@context":"https:\/\/schema.org","@graph":[{"@type":"Article","@id":"https:\/\/www.benn-allende-viertel.de\/ar\/3523-soziale-einrichtungen-5\/#article","isPartOf":{"@id":"https:\/\/www.benn-allende-viertel.de\/ar\/3523-soziale-einrichtungen-5\/"},"author":{"name":"BENN Allende-Viertel","@id":"https:\/\/www.benn-allende-viertel.de\/ar\/#\/schema\/person\/ac75a96f44f12620ee32a01ecf1ab0f9"},"headline":"\u0627\u0644\u0645\u064f\u0624\u0633\u0633\u0627\u062a \u0627\u0644\u0627\u062c\u062a\u0645\u0627\u0639\u064a\u0629","datePublished":"2022-12-08T09:19:07+00:00","dateModified":"2024-05-24T14:20:06+00:00","mainEntityOfPage":{"@id":"https:\/\/www.benn-allende-viertel.de\/ar\/3523-soziale-einrichtungen-5\/"},"wordCount":88,"image":{"@id":"https:\/\/www.benn-allende-viertel.de\/ar\/3523-soziale-einrichtungen-5\/#primaryimage"},"thumbnailUrl":"https:\/\/www.benn-allende-viertel.de\/wp-content\/uploads\/sites\/8\/2022\/12\/220401_Kiezmap_Korr-Ansicht2-2ba-scaled.jpg","articleSection":["Aktive im Kiez"],"inLanguage":"ar"},{"@type":"WebPage","@id":"https:\/\/www.benn-allende-viertel.de\/ar\/3523-soziale-einrichtungen-5\/","url":"https:\/\/www.benn-allende-viertel.de\/ar\/3523-soziale-einrichtungen-5\/","name":"\u0627\u0644\u0645\u064f\u0624\u0633\u0633\u0627\u062a \u0627\u0644\u0627\u062c\u062a\u0645\u0627\u0639\u064a\u0629 - BENN Allende-Viertel","isPartOf":{"@id":"https:\/\/www.benn-allende-viertel.de\/ar\/#website"},"primaryImageOfPage":{"@id":"https:\/\/www.benn-allende-viertel.de\/ar\/3523-soziale-einrichtungen-5\/#primaryimage"},"image":{"@id":"https:\/\/www.benn-allende-viertel.de\/ar\/3523-soziale-einrichtungen-5\/#primaryimage"},"thumbnailUrl":"https:\/\/www.benn-allende-viertel.de\/wp-content\/uploads\/sites\/8\/2022\/12\/220401_Kiezmap_Korr-Ansicht2-2ba-scaled.jpg","datePublished":"2022-12-08T09:19:07+00:00","dateModified":"2024-05-24T14:20:06+00:00","author":{"@id":"https:\/\/www.benn-allende-viertel.de\/ar\/#\/schema\/person\/ac75a96f44f12620ee32a01ecf1ab0f9"},"breadcrumb":{"@id":"https:\/\/www.benn-allende-viertel.de\/ar\/3523-soziale-einrichtungen-5\/#breadcrumb"},"inLanguage":"ar","potentialAction":[{"@type":"ReadAction","target":["https:\/\/www.benn-allende-viertel.de\/ar\/3523-soziale-einrichtungen-5\/"]}]},{"@type":"ImageObject","inLanguage":"ar","@id":"https:\/\/www.benn-allende-viertel.de\/ar\/3523-soziale-einrichtungen-5\/#primaryimage","url":"https:\/\/www.benn-allende-viertel.de\/wp-content\/uploads\/sites\/8\/2022\/12\/220401_Kiezmap_Korr-Ansicht2-2ba-scaled.jpg","contentUrl":"https:\/\/www.benn-allende-viertel.de\/wp-content\/uploads\/sites\/8\/2022\/12\/220401_Kiezmap_Korr-Ansicht2-2ba-scaled.jpg","width":2560,"height":1810},{"@type":"BreadcrumbList","@id":"https:\/\/www.benn-allende-viertel.de\/ar\/3523-soziale-einrichtungen-5\/#breadcrumb","itemListElement":[{"@type":"ListItem","position":1,"name":"Startseite","item":"https:\/\/www.benn-allende-viertel.de\/ar\/"},{"@type":"ListItem","position":2,"name":"\u0627\u0644\u0645\u064f\u0624\u0633\u0633\u0627\u062a \u0627\u0644\u0627\u062c\u062a\u0645\u0627\u0639\u064a\u0629"}]},{"@type":"WebSite","@id":"https:\/\/www.benn-allende-viertel.de\/ar\/#website","url":"https:\/\/www.benn-allende-viertel.de\/ar\/","name":"BENN Allende-Viertel","description":"","potentialAction":[{"@type":"SearchAction","target":{"@type":"EntryPoint","urlTemplate":"https:\/\/www.benn-allende-viertel.de\/ar\/?s={search_term_string}"},"query-input":{"@type":"PropertyValueSpecification","valueRequired":true,"valueName":"search_term_string"}}],"inLanguage":"ar"},{"@type":"Person","@id":"https:\/\/www.benn-allende-viertel.de\/ar\/#\/schema\/person\/ac75a96f44f12620ee32a01ecf1ab0f9","name":"BENN Allende-Viertel","url":"https:\/\/www.benn-allende-viertel.de\/ar\/author\/bennallendeviertel\/"}]}},"spectra_custom_meta":{"_thumbnail_id":["2620"],"_fgj2wp_old_id":["858"],"_fgj2wp_translation_association_key":["32df2033cf75492251b896f3bea8e102"],"_pingme":["1"],"_encloseme":["1"],"_last_translation_edit_mode":["translation-editor"],"_yoast_wpseo_primary_category":[""],"_uag_css_file_name":["uag-css-3523.css"],"_uag_page_assets":["a:9:{s:3:\"css\";s:263:\".uag-blocks-common-selector{z-index:var(--z-index-desktop) !important}@media (max-width: 976px){.uag-blocks-common-selector{z-index:var(--z-index-tablet) !important}}@media (max-width: 767px){.uag-blocks-common-selector{z-index:var(--z-index-mobile) !important}}\n\";s:2:\"js\";s:0:\"\";s:18:\"current_block_list\";a:7:{i:0;s:11:\"core\/search\";i:1;s:10:\"core\/group\";i:2;s:12:\"core\/heading\";i:3;s:17:\"core\/latest-posts\";i:4;s:20:\"core\/latest-comments\";i:5;s:13:\"core\/archives\";i:6;s:15:\"core\/categories\";}s:8:\"uag_flag\";b:0;s:11:\"uag_version\";s:10:\"1777115588\";s:6:\"gfonts\";a:0:{}s:10:\"gfonts_url\";s:0:\"\";s:12:\"gfonts_files\";a:0:{}s:14:\"uag_faq_layout\";b:0;}"]},"uagb_featured_image_src":{"full":["https:\/\/www.benn-allende-viertel.de\/wp-content\/uploads\/sites\/8\/2022\/12\/220401_Kiezmap_Korr-Ansicht2-2ba-scaled.jpg",2560,1810,false],"thumbnail":["https:\/\/www.benn-allende-viertel.de\/wp-content\/uploads\/sites\/8\/2022\/12\/220401_Kiezmap_Korr-Ansicht2-2ba-150x150.jpg",150,150,true],"medium":["https:\/\/www.benn-allende-viertel.de\/wp-content\/uploads\/sites\/8\/2022\/12\/220401_Kiezmap_Korr-Ansicht2-2ba-300x212.jpg",300,212,true],"medium_large":["https:\/\/www.benn-allende-viertel.de\/wp-content\/uploads\/sites\/8\/2022\/12\/220401_Kiezmap_Korr-Ansicht2-2ba-768x543.jpg",768,543,true],"large":["https:\/\/www.benn-allende-viertel.de\/wp-content\/uploads\/sites\/8\/2022\/12\/220401_Kiezmap_Korr-Ansicht2-2ba-1024x724.jpg",1024,724,true],"1536x1536":["https:\/\/www.benn-allende-viertel.de\/wp-content\/uploads\/sites\/8\/2022\/12\/220401_Kiezmap_Korr-Ansicht2-2ba-1536x1086.jpg",1536,1086,true],"2048x2048":["https:\/\/www.benn-allende-viertel.de\/wp-content\/uploads\/sites\/8\/2022\/12\/220401_Kiezmap_Korr-Ansicht2-2ba-2048x1448.jpg",2048,1448,true],"gform-image-choice-sm":["https:\/\/www.benn-allende-viertel.de\/wp-content\/uploads\/sites\/8\/2022\/12\/220401_Kiezmap_Korr-Ansicht2-2ba-scaled.jpg",300,212,false],"gform-image-choice-md":["https:\/\/www.benn-allende-viertel.de\/wp-content\/uploads\/sites\/8\/2022\/12\/220401_Kiezmap_Korr-Ansicht2-2ba-scaled.jpg",400,283,false],"gform-image-choice-lg":["https:\/\/www.benn-allende-viertel.de\/wp-content\/uploads\/sites\/8\/2022\/12\/220401_Kiezmap_Korr-Ansicht2-2ba-scaled.jpg",600,424,false]},"uagb_author_info":{"display_name":"BENN Allende-Viertel","author_link":"https:\/\/www.benn-allende-viertel.de\/ar\/author\/bennallendeviertel\/"},"uagb_comment_info":0,"uagb_excerpt":"Gemeinschaftsunterkunft Alfred-Randt-Stra\u00dfe&nbsp;\/\/&nbsp; \u0627\u0644\u0633\u0643\u0646 \u0627\u0644\u0645\u0634\u062a\u0631\u0643 Alfred-Randt-Stra\u00dfe 19-21 12559 Berlin 030 509306946 standortleitung.guar@tamaja-gu.de &nbsp; Haus M\u00fcggelspree Am Schlo\u00dfberg 1 12559 Berlin 030 34 35 41 10 &nbsp; Haus zur Br\u00fccke Wendenschlo\u00dfstra\u00dfe 35&hellip;","publishpress_future_action":{"enabled":false,"date":"2026-05-03 10:24:28","action":"change-status","newStatus":"draft","terms":[],"taxonomy":"category","extraData":[]},"publishpress_future_workflow_manual_trigger":{"enabledWorkflows":[]},"_links":{"self":[{"href":"https:\/\/www.benn-allende-viertel.de\/ar\/wp-json\/wp\/v2\/posts\/3523","targetHints":{"allow":["GET"]}}],"collection":[{"href":"https:\/\/www.benn-allende-viertel.de\/ar\/wp-json\/wp\/v2\/posts"}],"about":[{"href":"https:\/\/www.benn-allende-viertel.de\/ar\/wp-json\/wp\/v2\/types\/post"}],"author":[{"embeddable":true,"href":"https:\/\/www.benn-allende-viertel.de\/ar\/wp-json\/wp\/v2\/users\/41"}],"replies":[{"embeddable":true,"href":"https:\/\/www.benn-allende-viertel.de\/ar\/wp-json\/wp\/v2\/comments?post=3523"}],"version-history":[{"count":1,"href":"https:\/\/www.benn-allende-viertel.de\/ar\/wp-json\/wp\/v2\/posts\/3523\/revisions"}],"predecessor-version":[{"id":4180,"href":"https:\/\/www.benn-allende-viertel.de\/ar\/wp-json\/wp\/v2\/posts\/3523\/revisions\/4180"}],"wp:featuredmedia":[{"embeddable":true,"href":"https:\/\/www.benn-allende-viertel.de\/ar\/wp-json\/wp\/v2\/media\/2620"}],"wp:attachment":[{"href":"https:\/\/www.benn-allende-viertel.de\/ar\/wp-json\/wp\/v2\/media?parent=3523"}],"wp:term":[{"taxonomy":"category","embeddable":true,"href":"https:\/\/www.benn-allende-viertel.de\/ar\/wp-json\/wp\/v2\/categories?post=3523"},{"taxonomy":"post_tag","embeddable":true,"href":"https:\/\/www.benn-allende-viertel.de\/ar\/wp-json\/wp\/v2\/tags?post=3523"}],"curies":[{"name":"wp","href":"https:\/\/api.w.org\/{rel}","templated":true}]}}