{"id":3439,"date":"2023-03-21T13:08:51","date_gmt":"2023-03-21T12:08:51","guid":{"rendered":"https:\/\/multisite.list-gmbh.de\/benn-allende-viertel\/3439-ausstellung-sprach-faehig-3\/"},"modified":"2023-03-21T13:08:51","modified_gmt":"2023-03-21T12:08:51","slug":"ausstellung-sprach-faehig-3","status":"publish","type":"post","link":"https:\/\/www.benn-allende-viertel.de\/ar\/3439-ausstellung-sprach-faehig-3\/","title":{"rendered":"Ausstellung &#8220;sprach-f\u00e4hig&#8221;"},"content":{"rendered":"<p><span style=\"font-size: 18pt;\">Vom grauen Bauzaun zur bunten Ausstellung: W\u00e4hrend der Internationalen Wochen gegen Rassismus 2021 (15.-28.03.) wurde der Bauzaun um die (damals noch nicht fertig gebaute) MUF in der Salvador-Allende-Stra\u00dfe in eine Ausstellungsfl\u00e4che umgewandelt. Die Ausstellung &#8220;sprach-f\u00e4hig&#8221; lie\u00df Bewohner*innen des Allende-Viertels von ihren Erfahrungen mit Rassismus und Zugeh\u00f6rigkeitsgef\u00fchlen, aber auch Geschichten von Solidarit\u00e4t erz\u00e4hlen.<br \/><\/span><\/p>\n<p><span style=\"font-size: 18pt;\"> Im Rahmen der Ausstellung gab es au\u00dferdem eine Konzertlesung eines syrischen Musikers und eines deutschen Schriftstellers. Das Video dazu findet ihr <a href=\"https:\/\/www.youtube.com\/watch?v=HJ-GjX-8yzI\">hier<\/a>.<\/span><\/p>\n<p><span style=\"font-size: 18pt;\"><a href=\"https:\/\/www.youtube.com\/watch?v=P2YXUdj_A7A\">Hier<\/a> findet ihr au\u00dferdem noch eine Videodokumentation von Gespr\u00e4chen mit Passanten und Ehrenamtlichen \u00fcber die Ausstellung und eigene Erfahrungen mit Rassismus im Allende-Viertel.<\/span><\/p>\n<p><img decoding=\"async\" class=\" size-full wp-image-2907\" src=\"https:\/\/www.benn-allende-viertel.de\/wp-content\/uploads\/sites\/8\/2023\/03\/Bild_1_-_Ausstellung-a83.png\" alt=\"Bild 1 Ausstellung\" width=\"280\" height=\"202\" srcset=\"https:\/\/www.benn-allende-viertel.de\/wp-content\/uploads\/sites\/8\/2023\/03\/Bild_1_-_Ausstellung-a83.png 1473w, https:\/\/www.benn-allende-viertel.de\/wp-content\/uploads\/sites\/8\/2023\/03\/Bild_1_-_Ausstellung-a83-300x216.png 300w, https:\/\/www.benn-allende-viertel.de\/wp-content\/uploads\/sites\/8\/2023\/03\/Bild_1_-_Ausstellung-a83-1024x737.png 1024w, https:\/\/www.benn-allende-viertel.de\/wp-content\/uploads\/sites\/8\/2023\/03\/Bild_1_-_Ausstellung-a83-768x553.png 768w\" sizes=\"(max-width: 280px) 100vw, 280px\" \/>&nbsp;<img decoding=\"async\" class=\" size-full wp-image-2684\" src=\"https:\/\/www.benn-allende-viertel.de\/wp-content\/uploads\/sites\/8\/2022\/12\/Bild_2_-_Ausstellung-0b6.png\" alt=\"Bild 2 Ausstellung\" width=\"298\" height=\"202\" srcset=\"https:\/\/www.benn-allende-viertel.de\/wp-content\/uploads\/sites\/8\/2022\/12\/Bild_2_-_Ausstellung-0b6.png 1570w, https:\/\/www.benn-allende-viertel.de\/wp-content\/uploads\/sites\/8\/2022\/12\/Bild_2_-_Ausstellung-0b6-300x203.png 300w, https:\/\/www.benn-allende-viertel.de\/wp-content\/uploads\/sites\/8\/2022\/12\/Bild_2_-_Ausstellung-0b6-1024x691.png 1024w, https:\/\/www.benn-allende-viertel.de\/wp-content\/uploads\/sites\/8\/2022\/12\/Bild_2_-_Ausstellung-0b6-768x519.png 768w, https:\/\/www.benn-allende-viertel.de\/wp-content\/uploads\/sites\/8\/2022\/12\/Bild_2_-_Ausstellung-0b6-1536x1037.png 1536w\" sizes=\"(max-width: 298px) 100vw, 298px\" \/>&nbsp;<img decoding=\"async\" class=\" size-full wp-image-2913\" src=\"https:\/\/www.benn-allende-viertel.de\/wp-content\/uploads\/sites\/8\/2023\/03\/Bild_3_-_Ausstellung-dc8.png\" alt=\"Bild 3 Ausstellung\" width=\"192\" height=\"271\" srcset=\"https:\/\/www.benn-allende-viertel.de\/wp-content\/uploads\/sites\/8\/2023\/03\/Bild_3_-_Ausstellung-dc8.png 1414w, https:\/\/www.benn-allende-viertel.de\/wp-content\/uploads\/sites\/8\/2023\/03\/Bild_3_-_Ausstellung-dc8-212x300.png 212w, https:\/\/www.benn-allende-viertel.de\/wp-content\/uploads\/sites\/8\/2023\/03\/Bild_3_-_Ausstellung-dc8-724x1024.png 724w, https:\/\/www.benn-allende-viertel.de\/wp-content\/uploads\/sites\/8\/2023\/03\/Bild_3_-_Ausstellung-dc8-768x1086.png 768w, https:\/\/www.benn-allende-viertel.de\/wp-content\/uploads\/sites\/8\/2023\/03\/Bild_3_-_Ausstellung-dc8-1086x1536.png 1086w\" sizes=\"(max-width: 192px) 100vw, 192px\" \/>&nbsp;<img decoding=\"async\" class=\" size-full wp-image-2919\" src=\"https:\/\/www.benn-allende-viertel.de\/wp-content\/uploads\/sites\/8\/2023\/03\/Bild_3_-_Ausstellung_1-b94.png\" alt=\"Bild 3 Ausstellung 1\" width=\"309\" height=\"201\" srcset=\"https:\/\/www.benn-allende-viertel.de\/wp-content\/uploads\/sites\/8\/2023\/03\/Bild_3_-_Ausstellung_1-b94.png 1657w, https:\/\/www.benn-allende-viertel.de\/wp-content\/uploads\/sites\/8\/2023\/03\/Bild_3_-_Ausstellung_1-b94-300x194.png 300w, https:\/\/www.benn-allende-viertel.de\/wp-content\/uploads\/sites\/8\/2023\/03\/Bild_3_-_Ausstellung_1-b94-768x496.png 768w, https:\/\/www.benn-allende-viertel.de\/wp-content\/uploads\/sites\/8\/2023\/03\/Bild_3_-_Ausstellung_1-b94-1536x992.png 1536w\" sizes=\"(max-width: 309px) 100vw, 309px\" \/><\/p>\n","protected":false},"excerpt":{"rendered":"<p>Vom grauen Bauzaun zur bunten Ausstellung: W\u00e4hrend der Internationalen Wochen gegen Rassismus 2021 (15.-28.03.) wurde der Bauzaun um die (damals noch nicht fertig gebaute) MUF in der Salvador-Allende-Stra\u00dfe in eine&hellip;<\/p>\n","protected":false},"author":41,"featured_media":2907,"comment_status":"closed","ping_status":"closed","sticky":false,"template":"","format":"standard","meta":{"_acf_changed":false,"_uag_custom_page_level_css":"","footnotes":""},"categories":[33],"tags":[],"class_list":["post-3439","post","type-post","status-publish","format-standard","has-post-thumbnail","hentry","category-33"],"acf":[],"yoast_head":"<!-- This site is optimized with the Yoast SEO plugin v27.4 - https:\/\/yoast.com\/product\/yoast-seo-wordpress\/ -->\n<title>Ausstellung &quot;sprach-f\u00e4hig&quot; - BENN Allende-Viertel<\/title>\n<meta name=\"robots\" content=\"index, follow, max-snippet:-1, max-image-preview:large, max-video-preview:-1\" \/>\n<link rel=\"canonical\" href=\"https:\/\/www.benn-allende-viertel.de\/ar\/3439-ausstellung-sprach-faehig-3\/\" \/>\n<meta property=\"og:locale\" content=\"ar_AR\" \/>\n<meta property=\"og:type\" content=\"article\" \/>\n<meta property=\"og:title\" content=\"Ausstellung &quot;sprach-f\u00e4hig&quot; - BENN Allende-Viertel\" \/>\n<meta property=\"og:description\" content=\"Vom grauen Bauzaun zur bunten Ausstellung: W\u00e4hrend der Internationalen Wochen gegen Rassismus 2021 (15.-28.03.) wurde der Bauzaun um die (damals noch nicht fertig gebaute) MUF in der Salvador-Allende-Stra\u00dfe in eine&hellip;\" \/>\n<meta property=\"og:url\" content=\"https:\/\/www.benn-allende-viertel.de\/ar\/3439-ausstellung-sprach-faehig-3\/\" \/>\n<meta property=\"og:site_name\" content=\"BENN Allende-Viertel\" \/>\n<meta property=\"article:published_time\" content=\"2023-03-21T12:08:51+00:00\" \/>\n<meta property=\"og:image\" content=\"https:\/\/www.benn-allende-viertel.de\/wp-content\/uploads\/sites\/8\/2023\/03\/Bild_1_-_Ausstellung-a83-1024x737.png\" \/>\n\t<meta property=\"og:image:width\" content=\"1024\" \/>\n\t<meta property=\"og:image:height\" content=\"737\" \/>\n\t<meta property=\"og:image:type\" content=\"image\/png\" \/>\n<meta name=\"author\" content=\"BENN Allende-Viertel\" \/>\n<meta name=\"twitter:card\" content=\"summary_large_image\" \/>\n<meta name=\"twitter:label1\" content=\"\u0643\u064f\u062a\u0628 \u0628\u0648\u0627\u0633\u0637\u0629\" \/>\n\t<meta name=\"twitter:data1\" content=\"BENN Allende-Viertel\" \/>\n\t<meta name=\"twitter:label2\" content=\"\u0648\u0642\u062a \u0627\u0644\u0642\u0631\u0627\u0621\u0629 \u0627\u0644\u0645\u064f\u0642\u062f\u0651\u0631\" \/>\n\t<meta name=\"twitter:data2\" content=\"1 \u062f\u0642\u064a\u0642\u0629\" \/>\n<script type=\"application\/ld+json\" class=\"yoast-schema-graph\">{\"@context\":\"https:\\\/\\\/schema.org\",\"@graph\":[{\"@type\":\"Article\",\"@id\":\"https:\\\/\\\/www.benn-allende-viertel.de\\\/ar\\\/3439-ausstellung-sprach-faehig-3\\\/#article\",\"isPartOf\":{\"@id\":\"https:\\\/\\\/www.benn-allende-viertel.de\\\/ar\\\/3439-ausstellung-sprach-faehig-3\\\/\"},\"author\":{\"name\":\"BENN Allende-Viertel\",\"@id\":\"https:\\\/\\\/www.benn-allende-viertel.de\\\/ar\\\/#\\\/schema\\\/person\\\/ac75a96f44f12620ee32a01ecf1ab0f9\"},\"headline\":\"Ausstellung &#8220;sprach-f\u00e4hig&#8221;\",\"datePublished\":\"2023-03-21T12:08:51+00:00\",\"mainEntityOfPage\":{\"@id\":\"https:\\\/\\\/www.benn-allende-viertel.de\\\/ar\\\/3439-ausstellung-sprach-faehig-3\\\/\"},\"wordCount\":114,\"image\":{\"@id\":\"https:\\\/\\\/www.benn-allende-viertel.de\\\/ar\\\/3439-ausstellung-sprach-faehig-3\\\/#primaryimage\"},\"thumbnailUrl\":\"https:\\\/\\\/www.benn-allende-viertel.de\\\/wp-content\\\/uploads\\\/sites\\\/8\\\/2023\\\/03\\\/Bild_1_-_Ausstellung-a83.png\",\"articleSection\":[\"Projekte 2021\"],\"inLanguage\":\"ar\"},{\"@type\":\"WebPage\",\"@id\":\"https:\\\/\\\/www.benn-allende-viertel.de\\\/ar\\\/3439-ausstellung-sprach-faehig-3\\\/\",\"url\":\"https:\\\/\\\/www.benn-allende-viertel.de\\\/ar\\\/3439-ausstellung-sprach-faehig-3\\\/\",\"name\":\"Ausstellung \\\"sprach-f\u00e4hig\\\" - BENN Allende-Viertel\",\"isPartOf\":{\"@id\":\"https:\\\/\\\/www.benn-allende-viertel.de\\\/ar\\\/#website\"},\"primaryImageOfPage\":{\"@id\":\"https:\\\/\\\/www.benn-allende-viertel.de\\\/ar\\\/3439-ausstellung-sprach-faehig-3\\\/#primaryimage\"},\"image\":{\"@id\":\"https:\\\/\\\/www.benn-allende-viertel.de\\\/ar\\\/3439-ausstellung-sprach-faehig-3\\\/#primaryimage\"},\"thumbnailUrl\":\"https:\\\/\\\/www.benn-allende-viertel.de\\\/wp-content\\\/uploads\\\/sites\\\/8\\\/2023\\\/03\\\/Bild_1_-_Ausstellung-a83.png\",\"datePublished\":\"2023-03-21T12:08:51+00:00\",\"author\":{\"@id\":\"https:\\\/\\\/www.benn-allende-viertel.de\\\/ar\\\/#\\\/schema\\\/person\\\/ac75a96f44f12620ee32a01ecf1ab0f9\"},\"breadcrumb\":{\"@id\":\"https:\\\/\\\/www.benn-allende-viertel.de\\\/ar\\\/3439-ausstellung-sprach-faehig-3\\\/#breadcrumb\"},\"inLanguage\":\"ar\",\"potentialAction\":[{\"@type\":\"ReadAction\",\"target\":[\"https:\\\/\\\/www.benn-allende-viertel.de\\\/ar\\\/3439-ausstellung-sprach-faehig-3\\\/\"]}]},{\"@type\":\"ImageObject\",\"inLanguage\":\"ar\",\"@id\":\"https:\\\/\\\/www.benn-allende-viertel.de\\\/ar\\\/3439-ausstellung-sprach-faehig-3\\\/#primaryimage\",\"url\":\"https:\\\/\\\/www.benn-allende-viertel.de\\\/wp-content\\\/uploads\\\/sites\\\/8\\\/2023\\\/03\\\/Bild_1_-_Ausstellung-a83.png\",\"contentUrl\":\"https:\\\/\\\/www.benn-allende-viertel.de\\\/wp-content\\\/uploads\\\/sites\\\/8\\\/2023\\\/03\\\/Bild_1_-_Ausstellung-a83.png\",\"width\":1473,\"height\":1060,\"caption\":\"Bild 1 Ausstellung\"},{\"@type\":\"BreadcrumbList\",\"@id\":\"https:\\\/\\\/www.benn-allende-viertel.de\\\/ar\\\/3439-ausstellung-sprach-faehig-3\\\/#breadcrumb\",\"itemListElement\":[{\"@type\":\"ListItem\",\"position\":1,\"name\":\"Startseite\",\"item\":\"https:\\\/\\\/www.benn-allende-viertel.de\\\/ar\\\/\"},{\"@type\":\"ListItem\",\"position\":2,\"name\":\"Ausstellung &#8220;sprach-f\u00e4hig&#8221;\"}]},{\"@type\":\"WebSite\",\"@id\":\"https:\\\/\\\/www.benn-allende-viertel.de\\\/ar\\\/#website\",\"url\":\"https:\\\/\\\/www.benn-allende-viertel.de\\\/ar\\\/\",\"name\":\"BENN Allende-Viertel\",\"description\":\"\",\"potentialAction\":[{\"@type\":\"SearchAction\",\"target\":{\"@type\":\"EntryPoint\",\"urlTemplate\":\"https:\\\/\\\/www.benn-allende-viertel.de\\\/ar\\\/?s={search_term_string}\"},\"query-input\":{\"@type\":\"PropertyValueSpecification\",\"valueRequired\":true,\"valueName\":\"search_term_string\"}}],\"inLanguage\":\"ar\"},{\"@type\":\"Person\",\"@id\":\"https:\\\/\\\/www.benn-allende-viertel.de\\\/ar\\\/#\\\/schema\\\/person\\\/ac75a96f44f12620ee32a01ecf1ab0f9\",\"name\":\"BENN Allende-Viertel\",\"url\":\"https:\\\/\\\/www.benn-allende-viertel.de\\\/ar\\\/author\\\/bennallendeviertel\\\/\"}]}<\/script>\n<!-- \/ Yoast SEO plugin. -->","yoast_head_json":{"title":"Ausstellung \"sprach-f\u00e4hig\" - BENN Allende-Viertel","robots":{"index":"index","follow":"follow","max-snippet":"max-snippet:-1","max-image-preview":"max-image-preview:large","max-video-preview":"max-video-preview:-1"},"canonical":"https:\/\/www.benn-allende-viertel.de\/ar\/3439-ausstellung-sprach-faehig-3\/","og_locale":"ar_AR","og_type":"article","og_title":"Ausstellung \"sprach-f\u00e4hig\" - BENN Allende-Viertel","og_description":"Vom grauen Bauzaun zur bunten Ausstellung: W\u00e4hrend der Internationalen Wochen gegen Rassismus 2021 (15.-28.03.) wurde der Bauzaun um die (damals noch nicht fertig gebaute) MUF in der Salvador-Allende-Stra\u00dfe in eine&hellip;","og_url":"https:\/\/www.benn-allende-viertel.de\/ar\/3439-ausstellung-sprach-faehig-3\/","og_site_name":"BENN Allende-Viertel","article_published_time":"2023-03-21T12:08:51+00:00","og_image":[{"width":1024,"height":737,"url":"https:\/\/www.benn-allende-viertel.de\/wp-content\/uploads\/sites\/8\/2023\/03\/Bild_1_-_Ausstellung-a83-1024x737.png","type":"image\/png"}],"author":"BENN Allende-Viertel","twitter_card":"summary_large_image","twitter_misc":{"\u0643\u064f\u062a\u0628 \u0628\u0648\u0627\u0633\u0637\u0629":"BENN Allende-Viertel","\u0648\u0642\u062a \u0627\u0644\u0642\u0631\u0627\u0621\u0629 \u0627\u0644\u0645\u064f\u0642\u062f\u0651\u0631":"1 \u062f\u0642\u064a\u0642\u0629"},"schema":{"@context":"https:\/\/schema.org","@graph":[{"@type":"Article","@id":"https:\/\/www.benn-allende-viertel.de\/ar\/3439-ausstellung-sprach-faehig-3\/#article","isPartOf":{"@id":"https:\/\/www.benn-allende-viertel.de\/ar\/3439-ausstellung-sprach-faehig-3\/"},"author":{"name":"BENN Allende-Viertel","@id":"https:\/\/www.benn-allende-viertel.de\/ar\/#\/schema\/person\/ac75a96f44f12620ee32a01ecf1ab0f9"},"headline":"Ausstellung &#8220;sprach-f\u00e4hig&#8221;","datePublished":"2023-03-21T12:08:51+00:00","mainEntityOfPage":{"@id":"https:\/\/www.benn-allende-viertel.de\/ar\/3439-ausstellung-sprach-faehig-3\/"},"wordCount":114,"image":{"@id":"https:\/\/www.benn-allende-viertel.de\/ar\/3439-ausstellung-sprach-faehig-3\/#primaryimage"},"thumbnailUrl":"https:\/\/www.benn-allende-viertel.de\/wp-content\/uploads\/sites\/8\/2023\/03\/Bild_1_-_Ausstellung-a83.png","articleSection":["Projekte 2021"],"inLanguage":"ar"},{"@type":"WebPage","@id":"https:\/\/www.benn-allende-viertel.de\/ar\/3439-ausstellung-sprach-faehig-3\/","url":"https:\/\/www.benn-allende-viertel.de\/ar\/3439-ausstellung-sprach-faehig-3\/","name":"Ausstellung \"sprach-f\u00e4hig\" - BENN Allende-Viertel","isPartOf":{"@id":"https:\/\/www.benn-allende-viertel.de\/ar\/#website"},"primaryImageOfPage":{"@id":"https:\/\/www.benn-allende-viertel.de\/ar\/3439-ausstellung-sprach-faehig-3\/#primaryimage"},"image":{"@id":"https:\/\/www.benn-allende-viertel.de\/ar\/3439-ausstellung-sprach-faehig-3\/#primaryimage"},"thumbnailUrl":"https:\/\/www.benn-allende-viertel.de\/wp-content\/uploads\/sites\/8\/2023\/03\/Bild_1_-_Ausstellung-a83.png","datePublished":"2023-03-21T12:08:51+00:00","author":{"@id":"https:\/\/www.benn-allende-viertel.de\/ar\/#\/schema\/person\/ac75a96f44f12620ee32a01ecf1ab0f9"},"breadcrumb":{"@id":"https:\/\/www.benn-allende-viertel.de\/ar\/3439-ausstellung-sprach-faehig-3\/#breadcrumb"},"inLanguage":"ar","potentialAction":[{"@type":"ReadAction","target":["https:\/\/www.benn-allende-viertel.de\/ar\/3439-ausstellung-sprach-faehig-3\/"]}]},{"@type":"ImageObject","inLanguage":"ar","@id":"https:\/\/www.benn-allende-viertel.de\/ar\/3439-ausstellung-sprach-faehig-3\/#primaryimage","url":"https:\/\/www.benn-allende-viertel.de\/wp-content\/uploads\/sites\/8\/2023\/03\/Bild_1_-_Ausstellung-a83.png","contentUrl":"https:\/\/www.benn-allende-viertel.de\/wp-content\/uploads\/sites\/8\/2023\/03\/Bild_1_-_Ausstellung-a83.png","width":1473,"height":1060,"caption":"Bild 1 Ausstellung"},{"@type":"BreadcrumbList","@id":"https:\/\/www.benn-allende-viertel.de\/ar\/3439-ausstellung-sprach-faehig-3\/#breadcrumb","itemListElement":[{"@type":"ListItem","position":1,"name":"Startseite","item":"https:\/\/www.benn-allende-viertel.de\/ar\/"},{"@type":"ListItem","position":2,"name":"Ausstellung &#8220;sprach-f\u00e4hig&#8221;"}]},{"@type":"WebSite","@id":"https:\/\/www.benn-allende-viertel.de\/ar\/#website","url":"https:\/\/www.benn-allende-viertel.de\/ar\/","name":"BENN Allende-Viertel","description":"","potentialAction":[{"@type":"SearchAction","target":{"@type":"EntryPoint","urlTemplate":"https:\/\/www.benn-allende-viertel.de\/ar\/?s={search_term_string}"},"query-input":{"@type":"PropertyValueSpecification","valueRequired":true,"valueName":"search_term_string"}}],"inLanguage":"ar"},{"@type":"Person","@id":"https:\/\/www.benn-allende-viertel.de\/ar\/#\/schema\/person\/ac75a96f44f12620ee32a01ecf1ab0f9","name":"BENN Allende-Viertel","url":"https:\/\/www.benn-allende-viertel.de\/ar\/author\/bennallendeviertel\/"}]}},"spectra_custom_meta":{"_thumbnail_id":["2907"],"_fgj2wp_old_id":["774"],"_fgj2wp_translation_association_key":["dcd8726e1711c7027f089ab5608ab8a8"],"_uag_css_file_name":["uag-css-3439.css"]},"uagb_featured_image_src":{"full":["https:\/\/www.benn-allende-viertel.de\/wp-content\/uploads\/sites\/8\/2023\/03\/Bild_1_-_Ausstellung-a83.png",1473,1060,false],"thumbnail":["https:\/\/www.benn-allende-viertel.de\/wp-content\/uploads\/sites\/8\/2023\/03\/Bild_1_-_Ausstellung-a83-150x150.png",150,150,true],"medium":["https:\/\/www.benn-allende-viertel.de\/wp-content\/uploads\/sites\/8\/2023\/03\/Bild_1_-_Ausstellung-a83-300x216.png",300,216,true],"medium_large":["https:\/\/www.benn-allende-viertel.de\/wp-content\/uploads\/sites\/8\/2023\/03\/Bild_1_-_Ausstellung-a83-768x553.png",768,553,true],"large":["https:\/\/www.benn-allende-viertel.de\/wp-content\/uploads\/sites\/8\/2023\/03\/Bild_1_-_Ausstellung-a83-1024x737.png",1024,737,true],"1536x1536":["https:\/\/www.benn-allende-viertel.de\/wp-content\/uploads\/sites\/8\/2023\/03\/Bild_1_-_Ausstellung-a83.png",1473,1060,false],"2048x2048":["https:\/\/www.benn-allende-viertel.de\/wp-content\/uploads\/sites\/8\/2023\/03\/Bild_1_-_Ausstellung-a83.png",1473,1060,false],"gform-image-choice-sm":["https:\/\/www.benn-allende-viertel.de\/wp-content\/uploads\/sites\/8\/2023\/03\/Bild_1_-_Ausstellung-a83.png",300,216,false],"gform-image-choice-md":["https:\/\/www.benn-allende-viertel.de\/wp-content\/uploads\/sites\/8\/2023\/03\/Bild_1_-_Ausstellung-a83.png",400,288,false],"gform-image-choice-lg":["https:\/\/www.benn-allende-viertel.de\/wp-content\/uploads\/sites\/8\/2023\/03\/Bild_1_-_Ausstellung-a83.png",600,432,false]},"uagb_author_info":{"display_name":"BENN Allende-Viertel","author_link":"https:\/\/www.benn-allende-viertel.de\/ar\/author\/bennallendeviertel\/"},"uagb_comment_info":0,"uagb_excerpt":"Vom grauen Bauzaun zur bunten Ausstellung: W\u00e4hrend der Internationalen Wochen gegen Rassismus 2021 (15.-28.03.) wurde der Bauzaun um die (damals noch nicht fertig gebaute) MUF in der Salvador-Allende-Stra\u00dfe in eine&hellip;","publishpress_future_action":{"enabled":false,"date":"2026-05-06 19:04:37","action":"change-status","newStatus":"draft","terms":[],"taxonomy":"category","extraData":[]},"publishpress_future_workflow_manual_trigger":{"enabledWorkflows":[]},"_links":{"self":[{"href":"https:\/\/www.benn-allende-viertel.de\/ar\/wp-json\/wp\/v2\/posts\/3439","targetHints":{"allow":["GET"]}}],"collection":[{"href":"https:\/\/www.benn-allende-viertel.de\/ar\/wp-json\/wp\/v2\/posts"}],"about":[{"href":"https:\/\/www.benn-allende-viertel.de\/ar\/wp-json\/wp\/v2\/types\/post"}],"author":[{"embeddable":true,"href":"https:\/\/www.benn-allende-viertel.de\/ar\/wp-json\/wp\/v2\/users\/41"}],"replies":[{"embeddable":true,"href":"https:\/\/www.benn-allende-viertel.de\/ar\/wp-json\/wp\/v2\/comments?post=3439"}],"version-history":[{"count":0,"href":"https:\/\/www.benn-allende-viertel.de\/ar\/wp-json\/wp\/v2\/posts\/3439\/revisions"}],"wp:featuredmedia":[{"embeddable":true,"href":"https:\/\/www.benn-allende-viertel.de\/ar\/wp-json\/wp\/v2\/media\/2907"}],"wp:attachment":[{"href":"https:\/\/www.benn-allende-viertel.de\/ar\/wp-json\/wp\/v2\/media?parent=3439"}],"wp:term":[{"taxonomy":"category","embeddable":true,"href":"https:\/\/www.benn-allende-viertel.de\/ar\/wp-json\/wp\/v2\/categories?post=3439"},{"taxonomy":"post_tag","embeddable":true,"href":"https:\/\/www.benn-allende-viertel.de\/ar\/wp-json\/wp\/v2\/tags?post=3439"}],"curies":[{"name":"wp","href":"https:\/\/api.w.org\/{rel}","templated":true}]}}